{"id":9027,"date":"2026-05-03T13:51:26","date_gmt":"2026-05-03T13:51:26","guid":{"rendered":"https:\/\/www.karamantoki.com\/index.php\/2026\/05\/03\/sampiyonluk-kutlamalarinda-uzun-namlulu-silahla-goruntulenmisti-diyarbakir-valiliginden-aciklama\/"},"modified":"2026-05-03T13:51:26","modified_gmt":"2026-05-03T13:51:26","slug":"sampiyonluk-kutlamalarinda-uzun-namlulu-silahla-goruntulenmisti-diyarbakir-valiliginden-aciklama","status":"publish","type":"post","link":"https:\/\/www.karamantoki.com\/index.php\/2026\/05\/03\/sampiyonluk-kutlamalarinda-uzun-namlulu-silahla-goruntulenmisti-diyarbakir-valiliginden-aciklama\/","title":{"rendered":"\u015eampiyonluk kutlamalar\u0131nda uzun namlulu silahla g\u00f6r\u00fcnt\u00fclenmi\u015fti! Diyarbak\u0131r Valili\u011fi&apos;nden a\u00e7\u0131klama"},"content":{"rendered":"<p>Diyarbak\u0131r\u2019da Amedspor\u2019un \u015fampiyonluk kutlamalar\u0131 s\u0131ras\u0131nda bir ki\u015finin uzun namlulu silahla g\u00f6r\u00fcnt\u00fclendi\u011fi anlar sosyal medyada g\u00fcndem olmu\u015ftu. Diyarbak\u0131r Valili\u011finden S\u00fcper Lig&#8217;e y\u00fckselme kutlamalar\u0131ndaki g\u00f6r\u00fcnt\u00fcyle ilgili a\u00e7\u0131klama yap\u0131larak, &#8221;G\u00f6r\u00fcnt\u00fclerde yer alan arac\u0131n ruhsat sahibi ile g\u00f6r\u00fcnt\u00fcdeki \u015fah\u0131s k\u0131sa s\u00fcrede yakalanm\u0131\u015ft\u0131r. S\u00f6z konusu g\u00f6r\u00fcnt\u00fclerdeki silah\u0131n ger\u00e7ek bir silah olmad\u0131\u011f\u0131, oyuncak bir materyal oldu\u011fu anla\u015f\u0131lm\u0131\u015ft\u0131r&#8221; denildi.<\/p>\n","protected":false},"excerpt":{"rendered":"<p>Diyarbak\u0131r\u2019da Amedspor\u2019un \u015fampiyonluk kutlamalar\u0131 s\u0131ras\u0131nda bir ki\u015finin uzun namlulu silahla g\u00f6r\u00fcnt\u00fclendi\u011fi anlar sosyal medyada g\u00fcndem olmu\u015ftu. Diyarbak\u0131r Valili\u011finden S\u00fcper Lig&#8217;e y\u00fckselme kutlamalar\u0131ndaki g\u00f6r\u00fcnt\u00fcyle ilgili a\u00e7\u0131klama yap\u0131larak, &#8221;G\u00f6r\u00fcnt\u00fclerde yer alan arac\u0131n ruhsat sahibi ile g\u00f6r\u00fcnt\u00fcdeki \u015fah\u0131s k\u0131sa s\u00fcrede yakalanm\u0131\u015ft\u0131r. S\u00f6z konusu g\u00f6r\u00fcnt\u00fclerdeki silah\u0131n ger\u00e7ek bir silah olmad\u0131\u011f\u0131, oyuncak bir materyal oldu\u011fu anla\u015f\u0131lm\u0131\u015ft\u0131r&#8221; denildi.<\/p>\n","protected":false},"author":1,"featured_media":0,"comment_status":"open","ping_status":"open","sticky":false,"template":"","format":"standard","meta":{"_joinchat":[],"footnotes":""},"categories":[1],"tags":[],"class_list":{"0":"post-9027","1":"post","2":"type-post","3":"status-publish","4":"format-standard","6":"category-toki"},"_links":{"self":[{"href":"https:\/\/www.karamantoki.com\/index.php\/wp-json\/wp\/v2\/posts\/9027","targetHints":{"allow":["GET"]}}],"collection":[{"href":"https:\/\/www.karamantoki.com\/index.php\/wp-json\/wp\/v2\/posts"}],"about":[{"href":"https:\/\/www.karamantoki.com\/index.php\/wp-json\/wp\/v2\/types\/post"}],"author":[{"embeddable":true,"href":"https:\/\/www.karamantoki.com\/index.php\/wp-json\/wp\/v2\/users\/1"}],"replies":[{"embeddable":true,"href":"https:\/\/www.karamantoki.com\/index.php\/wp-json\/wp\/v2\/comments?post=9027"}],"version-history":[{"count":0,"href":"https:\/\/www.karamantoki.com\/index.php\/wp-json\/wp\/v2\/posts\/9027\/revisions"}],"wp:attachment":[{"href":"https:\/\/www.karamantoki.com\/index.php\/wp-json\/wp\/v2\/media?parent=9027"}],"wp:term":[{"taxonomy":"category","embeddable":true,"href":"https:\/\/www.karamantoki.com\/index.php\/wp-json\/wp\/v2\/categories?post=9027"},{"taxonomy":"post_tag","embeddable":true,"href":"https:\/\/www.karamantoki.com\/index.php\/wp-json\/wp\/v2\/tags?post=9027"}],"curies":[{"name":"wp","href":"https:\/\/api.w.org\/{rel}","templated":true}]}}