{"id":8997,"date":"2026-05-03T08:50:33","date_gmt":"2026-05-03T08:50:33","guid":{"rendered":"https:\/\/www.karamantoki.com\/index.php\/2026\/05\/03\/bodrumun-600-yillik-eski-koyunun-iki-cinarini-duygulandiran-gezi\/"},"modified":"2026-05-03T08:50:33","modified_gmt":"2026-05-03T08:50:33","slug":"bodrumun-600-yillik-eski-koyunun-iki-cinarini-duygulandiran-gezi","status":"publish","type":"post","link":"https:\/\/www.karamantoki.com\/index.php\/2026\/05\/03\/bodrumun-600-yillik-eski-koyunun-iki-cinarini-duygulandiran-gezi\/","title":{"rendered":"Bodrum&apos;un 600 y\u0131ll\u0131k eski k\u00f6y\u00fcn\u00fcn &quot;iki \u00e7\u0131nar\u0131&quot;n\u0131 duyguland\u0131ran gezi"},"content":{"rendered":"<p>Yal\u0131kavak Mahallesi&#8217;nde eski Sand\u0131ma k\u00f6y\u00fcnde do\u011fup b\u00fcy\u00fcyen ve i\u015f nedeniyle ayr\u0131lan 85 ya\u015f\u0131ndaki Osman \u00c7\u0131nar ve 88 ya\u015f\u0131ndaki Fevzi Demir, bastonlar\u0131yla geldikleri b\u00f6lgede gezerek eski g\u00fcnleri hat\u0131rlad\u0131<br \/>\n&#8211; Duygu dolu anlar ya\u015fayan Osman \u00c7\u0131nar:<br \/>\n&#8211; &#8220;D\u00fcnyaya bir kez daha gelsem yine burada ya\u015famak isterim&#8221;<br \/>\n&#8211; \u00c7ocukluklar\u0131n\u0131n ge\u00e7ti\u011fi sokaklar\u0131 gezerek duygulanan Fevzi Demir:<br \/>\n&#8211; &#8220;Buraya her an gelmek istiyorum ama ya\u015fl\u0131l\u0131\u011fa ba\u011fl\u0131 nedenlerle gelemiyorum ancak ak\u015fam yatt\u0131\u011f\u0131m zaman hayallerimde g\u00f6z\u00fcm\u00fcn \u00f6n\u00fcnden ge\u00e7iriyorum&#8221;<\/p>\n","protected":false},"excerpt":{"rendered":"<p>Yal\u0131kavak Mahallesi&#8217;nde eski Sand\u0131ma k\u00f6y\u00fcnde do\u011fup b\u00fcy\u00fcyen ve i\u015f nedeniyle ayr\u0131lan 85 ya\u015f\u0131ndaki Osman \u00c7\u0131nar ve 88 ya\u015f\u0131ndaki Fevzi Demir, bastonlar\u0131yla geldikleri b\u00f6lgede gezerek eski g\u00fcnleri hat\u0131rlad\u0131 &#8211; Duygu dolu anlar ya\u015fayan Osman \u00c7\u0131nar: &#8211; &#8220;D\u00fcnyaya bir kez daha gelsem yine burada ya\u015famak isterim&#8221; &#8211; \u00c7ocukluklar\u0131n\u0131n ge\u00e7ti\u011fi sokaklar\u0131 gezerek duygulanan Fevzi Demir: &#8211; &#8220;Buraya her [&hellip;]<\/p>\n","protected":false},"author":1,"featured_media":0,"comment_status":"open","ping_status":"open","sticky":false,"template":"","format":"standard","meta":{"_joinchat":[],"footnotes":""},"categories":[1],"tags":[],"class_list":{"0":"post-8997","1":"post","2":"type-post","3":"status-publish","4":"format-standard","6":"category-toki"},"_links":{"self":[{"href":"https:\/\/www.karamantoki.com\/index.php\/wp-json\/wp\/v2\/posts\/8997","targetHints":{"allow":["GET"]}}],"collection":[{"href":"https:\/\/www.karamantoki.com\/index.php\/wp-json\/wp\/v2\/posts"}],"about":[{"href":"https:\/\/www.karamantoki.com\/index.php\/wp-json\/wp\/v2\/types\/post"}],"author":[{"embeddable":true,"href":"https:\/\/www.karamantoki.com\/index.php\/wp-json\/wp\/v2\/users\/1"}],"replies":[{"embeddable":true,"href":"https:\/\/www.karamantoki.com\/index.php\/wp-json\/wp\/v2\/comments?post=8997"}],"version-history":[{"count":0,"href":"https:\/\/www.karamantoki.com\/index.php\/wp-json\/wp\/v2\/posts\/8997\/revisions"}],"wp:attachment":[{"href":"https:\/\/www.karamantoki.com\/index.php\/wp-json\/wp\/v2\/media?parent=8997"}],"wp:term":[{"taxonomy":"category","embeddable":true,"href":"https:\/\/www.karamantoki.com\/index.php\/wp-json\/wp\/v2\/categories?post=8997"},{"taxonomy":"post_tag","embeddable":true,"href":"https:\/\/www.karamantoki.com\/index.php\/wp-json\/wp\/v2\/tags?post=8997"}],"curies":[{"name":"wp","href":"https:\/\/api.w.org\/{rel}","templated":true}]}}