{"id":8844,"date":"2026-05-02T00:50:27","date_gmt":"2026-05-02T00:50:27","guid":{"rendered":"https:\/\/www.karamantoki.com\/index.php\/2026\/05\/02\/trump-irandan-erken-ayrilip-sorunun-yeniden-ortaya-cikmasina-izin-vermeyecegiz\/"},"modified":"2026-05-02T00:50:27","modified_gmt":"2026-05-02T00:50:27","slug":"trump-irandan-erken-ayrilip-sorunun-yeniden-ortaya-cikmasina-izin-vermeyecegiz","status":"publish","type":"post","link":"https:\/\/www.karamantoki.com\/index.php\/2026\/05\/02\/trump-irandan-erken-ayrilip-sorunun-yeniden-ortaya-cikmasina-izin-vermeyecegiz\/","title":{"rendered":"Trump: \u0130ran&apos;dan erken ayr\u0131l\u0131p sorunun yeniden ortaya \u00e7\u0131kmas\u0131na izin vermeyece\u011fiz"},"content":{"rendered":"<p>ABD Ba\u015fkan\u0131 Donald Trump, Florida&#8217;da yapt\u0131\u011f\u0131 konu\u015fmada \u0130ran&#8217;a kar\u015f\u0131 ba\u015flat\u0131lan sava\u015fla ilgili olarak erken ayr\u0131l\u0131p sorunun yeniden ortaya \u00e7\u0131kmas\u0131na izin vermeyeceklerini s\u00f6yledi. Trump, \u0130ran y\u00f6netimini &#8216;k\u00f6t\u00fc insanlar&#8217; olarak nitelendirirken, 42 bin protestocunun \u00f6ld\u00fcr\u00fcld\u00fc\u011f\u00fcn\u00fc ve 400&#8217;e yak\u0131n geminin H\u00fcrm\u00fcz Bo\u011faz\u0131&#8217;nda mahsur kald\u0131\u011f\u0131n\u0131 iddia etti. Ayr\u0131ca NATO&#8217;nun K\u00f6rfez&#8217;deki m\u00fccadelede ABD&#8217;ye yard\u0131m etmedi\u011fini vurgulad\u0131.<\/p>\n","protected":false},"excerpt":{"rendered":"<p>ABD Ba\u015fkan\u0131 Donald Trump, Florida&#8217;da yapt\u0131\u011f\u0131 konu\u015fmada \u0130ran&#8217;a kar\u015f\u0131 ba\u015flat\u0131lan sava\u015fla ilgili olarak erken ayr\u0131l\u0131p sorunun yeniden ortaya \u00e7\u0131kmas\u0131na izin vermeyeceklerini s\u00f6yledi. Trump, \u0130ran y\u00f6netimini &#8216;k\u00f6t\u00fc insanlar&#8217; olarak nitelendirirken, 42 bin protestocunun \u00f6ld\u00fcr\u00fcld\u00fc\u011f\u00fcn\u00fc ve 400&#8217;e yak\u0131n geminin H\u00fcrm\u00fcz Bo\u011faz\u0131&#8217;nda mahsur kald\u0131\u011f\u0131n\u0131 iddia etti. Ayr\u0131ca NATO&#8217;nun K\u00f6rfez&#8217;deki m\u00fccadelede ABD&#8217;ye yard\u0131m etmedi\u011fini vurgulad\u0131.<\/p>\n","protected":false},"author":1,"featured_media":0,"comment_status":"open","ping_status":"open","sticky":false,"template":"","format":"standard","meta":{"_joinchat":[],"footnotes":""},"categories":[1],"tags":[],"class_list":{"0":"post-8844","1":"post","2":"type-post","3":"status-publish","4":"format-standard","6":"category-toki"},"_links":{"self":[{"href":"https:\/\/www.karamantoki.com\/index.php\/wp-json\/wp\/v2\/posts\/8844","targetHints":{"allow":["GET"]}}],"collection":[{"href":"https:\/\/www.karamantoki.com\/index.php\/wp-json\/wp\/v2\/posts"}],"about":[{"href":"https:\/\/www.karamantoki.com\/index.php\/wp-json\/wp\/v2\/types\/post"}],"author":[{"embeddable":true,"href":"https:\/\/www.karamantoki.com\/index.php\/wp-json\/wp\/v2\/users\/1"}],"replies":[{"embeddable":true,"href":"https:\/\/www.karamantoki.com\/index.php\/wp-json\/wp\/v2\/comments?post=8844"}],"version-history":[{"count":0,"href":"https:\/\/www.karamantoki.com\/index.php\/wp-json\/wp\/v2\/posts\/8844\/revisions"}],"wp:attachment":[{"href":"https:\/\/www.karamantoki.com\/index.php\/wp-json\/wp\/v2\/media?parent=8844"}],"wp:term":[{"taxonomy":"category","embeddable":true,"href":"https:\/\/www.karamantoki.com\/index.php\/wp-json\/wp\/v2\/categories?post=8844"},{"taxonomy":"post_tag","embeddable":true,"href":"https:\/\/www.karamantoki.com\/index.php\/wp-json\/wp\/v2\/tags?post=8844"}],"curies":[{"name":"wp","href":"https:\/\/api.w.org\/{rel}","templated":true}]}}