{"id":8823,"date":"2026-05-01T20:51:17","date_gmt":"2026-05-01T20:51:17","guid":{"rendered":"https:\/\/www.karamantoki.com\/index.php\/2026\/05\/01\/ozelden-erdogana-o-masa-gazzeyi-isgal-masasidir-kalkin\/"},"modified":"2026-05-01T20:51:17","modified_gmt":"2026-05-01T20:51:17","slug":"ozelden-erdogana-o-masa-gazzeyi-isgal-masasidir-kalkin","status":"publish","type":"post","link":"https:\/\/www.karamantoki.com\/index.php\/2026\/05\/01\/ozelden-erdogana-o-masa-gazzeyi-isgal-masasidir-kalkin\/","title":{"rendered":"\u00d6zel&apos;den Erdo\u011fan&apos;a: O masa Gazze&apos;yi i\u015fgal masas\u0131d\u0131r, kalk\u0131n"},"content":{"rendered":"<p>CHP Genel Ba\u015fkan\u0131 \u00d6zg\u00fcr \u00d6zel, Gazze&#8217;ye yard\u0131m g\u00f6t\u00fcren K\u00fcresel Sumud Filosu&#8217;na y\u00f6nelik \u0130srail sald\u0131r\u0131s\u0131na tepki g\u00f6sterdi. \u00d6zel, Cumhurba\u015fkan\u0131 Recep Tayyip Erdo\u011fan&#8217;a seslenerek, &#8220;O masa Gazze&#8217;yi i\u015fgal masas\u0131d\u0131r. T\u00fcrk milletini ve Filistinlileri daha fazla incitmeden o masadan kalk\u0131n&#8221; dedi.<\/p>\n","protected":false},"excerpt":{"rendered":"<p>CHP Genel Ba\u015fkan\u0131 \u00d6zg\u00fcr \u00d6zel, Gazze&#8217;ye yard\u0131m g\u00f6t\u00fcren K\u00fcresel Sumud Filosu&#8217;na y\u00f6nelik \u0130srail sald\u0131r\u0131s\u0131na tepki g\u00f6sterdi. \u00d6zel, Cumhurba\u015fkan\u0131 Recep Tayyip Erdo\u011fan&#8217;a seslenerek, &#8220;O masa Gazze&#8217;yi i\u015fgal masas\u0131d\u0131r. T\u00fcrk milletini ve Filistinlileri daha fazla incitmeden o masadan kalk\u0131n&#8221; dedi.<\/p>\n","protected":false},"author":1,"featured_media":0,"comment_status":"open","ping_status":"open","sticky":false,"template":"","format":"standard","meta":{"_joinchat":[],"footnotes":""},"categories":[1],"tags":[],"class_list":{"0":"post-8823","1":"post","2":"type-post","3":"status-publish","4":"format-standard","6":"category-toki"},"_links":{"self":[{"href":"https:\/\/www.karamantoki.com\/index.php\/wp-json\/wp\/v2\/posts\/8823","targetHints":{"allow":["GET"]}}],"collection":[{"href":"https:\/\/www.karamantoki.com\/index.php\/wp-json\/wp\/v2\/posts"}],"about":[{"href":"https:\/\/www.karamantoki.com\/index.php\/wp-json\/wp\/v2\/types\/post"}],"author":[{"embeddable":true,"href":"https:\/\/www.karamantoki.com\/index.php\/wp-json\/wp\/v2\/users\/1"}],"replies":[{"embeddable":true,"href":"https:\/\/www.karamantoki.com\/index.php\/wp-json\/wp\/v2\/comments?post=8823"}],"version-history":[{"count":0,"href":"https:\/\/www.karamantoki.com\/index.php\/wp-json\/wp\/v2\/posts\/8823\/revisions"}],"wp:attachment":[{"href":"https:\/\/www.karamantoki.com\/index.php\/wp-json\/wp\/v2\/media?parent=8823"}],"wp:term":[{"taxonomy":"category","embeddable":true,"href":"https:\/\/www.karamantoki.com\/index.php\/wp-json\/wp\/v2\/categories?post=8823"},{"taxonomy":"post_tag","embeddable":true,"href":"https:\/\/www.karamantoki.com\/index.php\/wp-json\/wp\/v2\/tags?post=8823"}],"curies":[{"name":"wp","href":"https:\/\/api.w.org\/{rel}","templated":true}]}}