{"id":8756,"date":"2026-04-30T12:02:45","date_gmt":"2026-04-30T12:02:45","guid":{"rendered":"https:\/\/www.karamantoki.com\/index.php\/2026\/04\/30\/uretimin-3te-2si-yenilenebilir-enerjiden-elde-edildi\/"},"modified":"2026-04-30T12:02:45","modified_gmt":"2026-04-30T12:02:45","slug":"uretimin-3te-2si-yenilenebilir-enerjiden-elde-edildi","status":"publish","type":"post","link":"https:\/\/www.karamantoki.com\/index.php\/2026\/04\/30\/uretimin-3te-2si-yenilenebilir-enerjiden-elde-edildi\/","title":{"rendered":"\u00dcretimin 3\u2019te 2\u2019si yenilenebilir enerjiden elde edildi"},"content":{"rendered":"<p><img decoding=\"async\" src=\"https:\/\/iaahbr.tmgrup.com.tr\/0ba73d\/1200\/1200\/214\/0\/699\/486?u=https:\/\/iahbr.tmgrup.com.tr\/2026\/04\/30\/uretimin-3te-2si-yenilenebilir-enerjiden-elde-edildi-1777544849644.jpeg\" alt=\"\u00dcretimin 3\u2019te 2\u2019si yenilenebilir enerjiden elde edildi\"><br \/>Yenilenebilir enerjide g\u00fcc\u00fcne g\u00fc\u00e7 katan T\u00fcrkiye, bu alanda \u00f6nemli bir rekora daha imza att\u0131. Ge\u00e7ti\u011fimiz mart ay\u0131nda 19,46 milyar kilovatsaat ile t\u00fcm zamanlar\u0131n en y\u00fcksek yenilenebilir kaynakl\u0131&#8230;<a href=\"https:\/\/www.ahaber.com.tr\/ekonomi\/2026\/04\/30\/uretimin-3te-2si-yenilenebilir-enerjiden-elde-edildi\">Devam\u0131 i\u00e7in t\u0131klay\u0131n\u0131z<\/a><\/p>\n","protected":false},"excerpt":{"rendered":"<p>Yenilenebilir enerjide g\u00fcc\u00fcne g\u00fc\u00e7 katan T\u00fcrkiye, bu alanda \u00f6nemli bir rekora daha imza att\u0131. Ge\u00e7ti\u011fimiz mart ay\u0131nda 19,46 milyar kilovatsaat ile t\u00fcm zamanlar\u0131n en y\u00fcksek yenilenebilir kaynakl\u0131&#8230;Devam\u0131 i\u00e7in t\u0131klay\u0131n\u0131z<\/p>\n","protected":false},"author":1,"featured_media":0,"comment_status":"open","ping_status":"open","sticky":false,"template":"","format":"standard","meta":{"_joinchat":[],"footnotes":""},"categories":[32],"tags":[],"class_list":{"0":"post-8756","1":"post","2":"type-post","3":"status-publish","4":"format-standard","6":"category-ekonomi"},"_links":{"self":[{"href":"https:\/\/www.karamantoki.com\/index.php\/wp-json\/wp\/v2\/posts\/8756","targetHints":{"allow":["GET"]}}],"collection":[{"href":"https:\/\/www.karamantoki.com\/index.php\/wp-json\/wp\/v2\/posts"}],"about":[{"href":"https:\/\/www.karamantoki.com\/index.php\/wp-json\/wp\/v2\/types\/post"}],"author":[{"embeddable":true,"href":"https:\/\/www.karamantoki.com\/index.php\/wp-json\/wp\/v2\/users\/1"}],"replies":[{"embeddable":true,"href":"https:\/\/www.karamantoki.com\/index.php\/wp-json\/wp\/v2\/comments?post=8756"}],"version-history":[{"count":0,"href":"https:\/\/www.karamantoki.com\/index.php\/wp-json\/wp\/v2\/posts\/8756\/revisions"}],"wp:attachment":[{"href":"https:\/\/www.karamantoki.com\/index.php\/wp-json\/wp\/v2\/media?parent=8756"}],"wp:term":[{"taxonomy":"category","embeddable":true,"href":"https:\/\/www.karamantoki.com\/index.php\/wp-json\/wp\/v2\/categories?post=8756"},{"taxonomy":"post_tag","embeddable":true,"href":"https:\/\/www.karamantoki.com\/index.php\/wp-json\/wp\/v2\/tags?post=8756"}],"curies":[{"name":"wp","href":"https:\/\/api.w.org\/{rel}","templated":true}]}}