{"id":8740,"date":"2026-04-29T08:02:50","date_gmt":"2026-04-29T08:02:50","guid":{"rendered":"https:\/\/www.karamantoki.com\/index.php\/2026\/04\/29\/tuik-acikladi-turkiyede-issizlik-azaldi-istihdam-artti\/"},"modified":"2026-04-29T08:02:50","modified_gmt":"2026-04-29T08:02:50","slug":"tuik-acikladi-turkiyede-issizlik-azaldi-istihdam-artti","status":"publish","type":"post","link":"https:\/\/www.karamantoki.com\/index.php\/2026\/04\/29\/tuik-acikladi-turkiyede-issizlik-azaldi-istihdam-artti\/","title":{"rendered":"T\u00dc\u0130K a\u00e7\u0131klad\u0131: T\u00fcrkiye&#8217;de i\u015fsizlik azald\u0131, istihdam artt\u0131"},"content":{"rendered":"<p><img decoding=\"async\" src=\"https:\/\/iaahbr.tmgrup.com.tr\/f34bcb\/0\/0\/0\/0\/1920\/1079?u=https:\/\/iahbr.tmgrup.com.tr\/2026\/04\/29\/tuik-acikladi-turkiyede-issizlik-azaldi-istihdam-artti-1777447004819.jpg\" alt=\"T\u00dc\u0130K a\u00e7\u0131klad\u0131: T\u00fcrkiye'de i\u015fsizlik azald\u0131, istihdam artt\u0131\"><br \/>T\u00fcrkiye&#8217;de i\u015fsizlik oran\u0131, martta bir \u00f6nceki aya g\u00f6re 0,3 puan azalarak y\u00fczde 8,1 oldu. Bu d\u00f6nemde i\u015fsiz say\u0131s\u0131 2 milyon 873 bin ki\u015fi olarak belirlendi.<a href=\"https:\/\/www.ahaber.com.tr\/ekonomi\/2026\/04\/29\/tuik-acikladi-turkiyede-issizlik-azaldi-istihdam-artti\">Devam\u0131 i\u00e7in t\u0131klay\u0131n\u0131z<\/a><\/p>\n","protected":false},"excerpt":{"rendered":"<p>T\u00fcrkiye&#8217;de i\u015fsizlik oran\u0131, martta bir \u00f6nceki aya g\u00f6re 0,3 puan azalarak y\u00fczde 8,1 oldu. Bu d\u00f6nemde i\u015fsiz say\u0131s\u0131 2 milyon 873 bin ki\u015fi olarak belirlendi.Devam\u0131 i\u00e7in t\u0131klay\u0131n\u0131z<\/p>\n","protected":false},"author":1,"featured_media":0,"comment_status":"open","ping_status":"open","sticky":false,"template":"","format":"standard","meta":{"_joinchat":[],"footnotes":""},"categories":[32],"tags":[],"class_list":{"0":"post-8740","1":"post","2":"type-post","3":"status-publish","4":"format-standard","6":"category-ekonomi"},"_links":{"self":[{"href":"https:\/\/www.karamantoki.com\/index.php\/wp-json\/wp\/v2\/posts\/8740","targetHints":{"allow":["GET"]}}],"collection":[{"href":"https:\/\/www.karamantoki.com\/index.php\/wp-json\/wp\/v2\/posts"}],"about":[{"href":"https:\/\/www.karamantoki.com\/index.php\/wp-json\/wp\/v2\/types\/post"}],"author":[{"embeddable":true,"href":"https:\/\/www.karamantoki.com\/index.php\/wp-json\/wp\/v2\/users\/1"}],"replies":[{"embeddable":true,"href":"https:\/\/www.karamantoki.com\/index.php\/wp-json\/wp\/v2\/comments?post=8740"}],"version-history":[{"count":0,"href":"https:\/\/www.karamantoki.com\/index.php\/wp-json\/wp\/v2\/posts\/8740\/revisions"}],"wp:attachment":[{"href":"https:\/\/www.karamantoki.com\/index.php\/wp-json\/wp\/v2\/media?parent=8740"}],"wp:term":[{"taxonomy":"category","embeddable":true,"href":"https:\/\/www.karamantoki.com\/index.php\/wp-json\/wp\/v2\/categories?post=8740"},{"taxonomy":"post_tag","embeddable":true,"href":"https:\/\/www.karamantoki.com\/index.php\/wp-json\/wp\/v2\/tags?post=8740"}],"curies":[{"name":"wp","href":"https:\/\/api.w.org\/{rel}","templated":true}]}}