{"id":8739,"date":"2026-04-29T08:02:49","date_gmt":"2026-04-29T08:02:49","guid":{"rendered":"https:\/\/www.karamantoki.com\/index.php\/2026\/04\/29\/kuzey-yarimkurenin-ilk-kirazi-dalindan-koparildi\/"},"modified":"2026-04-29T08:02:49","modified_gmt":"2026-04-29T08:02:49","slug":"kuzey-yarimkurenin-ilk-kirazi-dalindan-koparildi","status":"publish","type":"post","link":"https:\/\/www.karamantoki.com\/index.php\/2026\/04\/29\/kuzey-yarimkurenin-ilk-kirazi-dalindan-koparildi\/","title":{"rendered":"Kuzey Yar\u0131mk\u00fcre&#8217;nin ilk kiraz\u0131 dal\u0131ndan kopar\u0131ld\u0131!"},"content":{"rendered":"<p><img decoding=\"async\" src=\"https:\/\/iaahbr.tmgrup.com.tr\/37b9c6\/0\/0\/0\/0\/2048\/1365?u=https:\/\/iahbr.tmgrup.com.tr\/2026\/04\/29\/1777445913173.jpeg\" alt=\"Kuzey Yar\u0131mk\u00fcre'nin ilk kiraz\u0131 dal\u0131ndan kopar\u0131ld\u0131!\"><br \/>Ege B\u00f6lgesi&#8217;nde havalar\u0131n \u0131s\u0131nmas\u0131yla birlikte tar\u0131m arazilerinde hareketlilik ba\u015flad\u0131. Kuzey Yar\u0131mk\u00fcre&#8217;nin ilk kiraz hasad\u0131n\u0131n yap\u0131ld\u0131\u011f\u0131 Manisa&#8217;da \u00fcreticiler tarlaya indi. Ge\u00e7ti\u011fimiz y\u0131l don ve so\u011fuk&#8230;<a href=\"https:\/\/www.ahaber.com.tr\/ekonomi\/2026\/04\/29\/kuzey-yarimkurenin-ilk-kirazi-dalindan-koparildi\">Devam\u0131 i\u00e7in t\u0131klay\u0131n\u0131z<\/a><\/p>\n","protected":false},"excerpt":{"rendered":"<p>Ege B\u00f6lgesi&#8217;nde havalar\u0131n \u0131s\u0131nmas\u0131yla birlikte tar\u0131m arazilerinde hareketlilik ba\u015flad\u0131. Kuzey Yar\u0131mk\u00fcre&#8217;nin ilk kiraz hasad\u0131n\u0131n yap\u0131ld\u0131\u011f\u0131 Manisa&#8217;da \u00fcreticiler tarlaya indi. Ge\u00e7ti\u011fimiz y\u0131l don ve so\u011fuk&#8230;Devam\u0131 i\u00e7in t\u0131klay\u0131n\u0131z<\/p>\n","protected":false},"author":1,"featured_media":0,"comment_status":"open","ping_status":"open","sticky":false,"template":"","format":"standard","meta":{"_joinchat":[],"footnotes":""},"categories":[32],"tags":[],"class_list":{"0":"post-8739","1":"post","2":"type-post","3":"status-publish","4":"format-standard","6":"category-ekonomi"},"_links":{"self":[{"href":"https:\/\/www.karamantoki.com\/index.php\/wp-json\/wp\/v2\/posts\/8739","targetHints":{"allow":["GET"]}}],"collection":[{"href":"https:\/\/www.karamantoki.com\/index.php\/wp-json\/wp\/v2\/posts"}],"about":[{"href":"https:\/\/www.karamantoki.com\/index.php\/wp-json\/wp\/v2\/types\/post"}],"author":[{"embeddable":true,"href":"https:\/\/www.karamantoki.com\/index.php\/wp-json\/wp\/v2\/users\/1"}],"replies":[{"embeddable":true,"href":"https:\/\/www.karamantoki.com\/index.php\/wp-json\/wp\/v2\/comments?post=8739"}],"version-history":[{"count":0,"href":"https:\/\/www.karamantoki.com\/index.php\/wp-json\/wp\/v2\/posts\/8739\/revisions"}],"wp:attachment":[{"href":"https:\/\/www.karamantoki.com\/index.php\/wp-json\/wp\/v2\/media?parent=8739"}],"wp:term":[{"taxonomy":"category","embeddable":true,"href":"https:\/\/www.karamantoki.com\/index.php\/wp-json\/wp\/v2\/categories?post=8739"},{"taxonomy":"post_tag","embeddable":true,"href":"https:\/\/www.karamantoki.com\/index.php\/wp-json\/wp\/v2\/tags?post=8739"}],"curies":[{"name":"wp","href":"https:\/\/api.w.org\/{rel}","templated":true}]}}