{"id":8729,"date":"2026-04-28T08:50:37","date_gmt":"2026-04-28T08:50:37","guid":{"rendered":"https:\/\/www.karamantoki.com\/index.php\/2026\/04\/28\/toki-sozlesmeleri-ne-zaman-yapilacak-istanbul-toki-konut-sozlesmesi-hangi-tarihte-nerede-imzalanacak\/"},"modified":"2026-04-28T08:50:37","modified_gmt":"2026-04-28T08:50:37","slug":"toki-sozlesmeleri-ne-zaman-yapilacak-istanbul-toki-konut-sozlesmesi-hangi-tarihte-nerede-imzalanacak","status":"publish","type":"post","link":"https:\/\/www.karamantoki.com\/index.php\/2026\/04\/28\/toki-sozlesmeleri-ne-zaman-yapilacak-istanbul-toki-konut-sozlesmesi-hangi-tarihte-nerede-imzalanacak\/","title":{"rendered":"TOK\u0130 s\u00f6zle\u015fmeleri ne zaman yap\u0131lacak? \u0130stanbul TOK\u0130 konut s\u00f6zle\u015fmesi hangi tarihte, nerede imzalanacak?"},"content":{"rendered":"<p>TOK\u0130\u2019nin 500 bin sosyal konut hamlesi, T\u00fcrkiye genelinde oldu\u011fu gibi \u0130stanbul\u2019da da b\u00fcy\u00fck bir ilgiyle takip ediliyor. Kura s\u00fcrecinin ard\u0131ndan g\u00f6zler bu kez TOK\u0130 s\u00f6zle\u015fmeleri ne zaman yap\u0131lacak? sorusuna \u00e7evrilmi\u015f durumda. Peki, \u0130stanbul TOK\u0130 konut s\u00f6zle\u015fmesi hangi tarihte, nerede imzalanacak? Detaylar haberimizde.<\/p>\n","protected":false},"excerpt":{"rendered":"<p>TOK\u0130\u2019nin 500 bin sosyal konut hamlesi, T\u00fcrkiye genelinde oldu\u011fu gibi \u0130stanbul\u2019da da b\u00fcy\u00fck bir ilgiyle takip ediliyor. Kura s\u00fcrecinin ard\u0131ndan g\u00f6zler bu kez TOK\u0130 s\u00f6zle\u015fmeleri ne zaman yap\u0131lacak? sorusuna \u00e7evrilmi\u015f durumda. Peki, \u0130stanbul TOK\u0130 konut s\u00f6zle\u015fmesi hangi tarihte, nerede imzalanacak? Detaylar haberimizde.<\/p>\n","protected":false},"author":1,"featured_media":0,"comment_status":"open","ping_status":"open","sticky":false,"template":"","format":"standard","meta":{"_joinchat":[],"footnotes":""},"categories":[1],"tags":[],"class_list":{"0":"post-8729","1":"post","2":"type-post","3":"status-publish","4":"format-standard","6":"category-toki"},"_links":{"self":[{"href":"https:\/\/www.karamantoki.com\/index.php\/wp-json\/wp\/v2\/posts\/8729","targetHints":{"allow":["GET"]}}],"collection":[{"href":"https:\/\/www.karamantoki.com\/index.php\/wp-json\/wp\/v2\/posts"}],"about":[{"href":"https:\/\/www.karamantoki.com\/index.php\/wp-json\/wp\/v2\/types\/post"}],"author":[{"embeddable":true,"href":"https:\/\/www.karamantoki.com\/index.php\/wp-json\/wp\/v2\/users\/1"}],"replies":[{"embeddable":true,"href":"https:\/\/www.karamantoki.com\/index.php\/wp-json\/wp\/v2\/comments?post=8729"}],"version-history":[{"count":0,"href":"https:\/\/www.karamantoki.com\/index.php\/wp-json\/wp\/v2\/posts\/8729\/revisions"}],"wp:attachment":[{"href":"https:\/\/www.karamantoki.com\/index.php\/wp-json\/wp\/v2\/media?parent=8729"}],"wp:term":[{"taxonomy":"category","embeddable":true,"href":"https:\/\/www.karamantoki.com\/index.php\/wp-json\/wp\/v2\/categories?post=8729"},{"taxonomy":"post_tag","embeddable":true,"href":"https:\/\/www.karamantoki.com\/index.php\/wp-json\/wp\/v2\/tags?post=8729"}],"curies":[{"name":"wp","href":"https:\/\/api.w.org\/{rel}","templated":true}]}}