{"id":5844,"date":"2026-03-18T05:51:29","date_gmt":"2026-03-18T05:51:29","guid":{"rendered":"https:\/\/www.karamantoki.com\/index.php\/2026\/03\/18\/trumpin-kubayi-alma-onuru-benim-olacak-cikisi-cini-de-harekete-gecirdi\/"},"modified":"2026-03-18T05:51:29","modified_gmt":"2026-03-18T05:51:29","slug":"trumpin-kubayi-alma-onuru-benim-olacak-cikisi-cini-de-harekete-gecirdi","status":"publish","type":"post","link":"https:\/\/www.karamantoki.com\/index.php\/2026\/03\/18\/trumpin-kubayi-alma-onuru-benim-olacak-cikisi-cini-de-harekete-gecirdi\/","title":{"rendered":"Trump&apos;\u0131n &quot;K\u00fcba&apos;y\u0131 alma onuru benim olacak&quot; \u00e7\u0131k\u0131\u015f\u0131 \u00c7in&apos;i de harekete ge\u00e7irdi"},"content":{"rendered":"<p>ABD Ba\u015fkan\u0131 Donald Trump&#8217;\u0131n &#8220;K\u00fcba&#8217;y\u0131 alma onuru benim olacak. K\u00fcba&#8217;y\u0131 al\u0131nca K\u00fcba&#8217;yla istedi\u011fim her \u015feyi yapabilece\u011fimi d\u00fc\u015f\u00fcn\u00fcyorum&#8221; a\u00e7\u0131klamas\u0131 Rusya ve \u00c7in&#8217;i harekete ge\u00e7irdi. Kremlin d\u00fcn yapt\u0131\u011f\u0131 a\u00e7\u0131klamada &#8220;K\u00fcba ba\u011f\u0131ms\u0131z bir devlettir. \u0130ki \u00fclke aras\u0131ndaki i\u015f birli\u011fi s\u00fcrecek&#8221; ifadelerini kullan\u0131rken, \u00c7in de bug\u00fcn itibar\u0131yla g\u00fcnlerdir enerji krizi ya\u015fayan ve karanl\u0131\u011fa g\u00f6m\u00fclen \u00fclke i\u00e7in 5 bin g\u00fcne\u015f enerjisi sistemi temin etti.<\/p>\n","protected":false},"excerpt":{"rendered":"<p>ABD Ba\u015fkan\u0131 Donald Trump&#8217;\u0131n &#8220;K\u00fcba&#8217;y\u0131 alma onuru benim olacak. K\u00fcba&#8217;y\u0131 al\u0131nca K\u00fcba&#8217;yla istedi\u011fim her \u015feyi yapabilece\u011fimi d\u00fc\u015f\u00fcn\u00fcyorum&#8221; a\u00e7\u0131klamas\u0131 Rusya ve \u00c7in&#8217;i harekete ge\u00e7irdi. Kremlin d\u00fcn yapt\u0131\u011f\u0131 a\u00e7\u0131klamada &#8220;K\u00fcba ba\u011f\u0131ms\u0131z bir devlettir. \u0130ki \u00fclke aras\u0131ndaki i\u015f birli\u011fi s\u00fcrecek&#8221; ifadelerini kullan\u0131rken, \u00c7in de bug\u00fcn itibar\u0131yla g\u00fcnlerdir enerji krizi ya\u015fayan ve karanl\u0131\u011fa g\u00f6m\u00fclen \u00fclke i\u00e7in 5 bin g\u00fcne\u015f [&hellip;]<\/p>\n","protected":false},"author":1,"featured_media":0,"comment_status":"open","ping_status":"open","sticky":false,"template":"","format":"standard","meta":{"_joinchat":[],"footnotes":""},"categories":[1],"tags":[],"class_list":{"0":"post-5844","1":"post","2":"type-post","3":"status-publish","4":"format-standard","6":"category-toki"},"_links":{"self":[{"href":"https:\/\/www.karamantoki.com\/index.php\/wp-json\/wp\/v2\/posts\/5844","targetHints":{"allow":["GET"]}}],"collection":[{"href":"https:\/\/www.karamantoki.com\/index.php\/wp-json\/wp\/v2\/posts"}],"about":[{"href":"https:\/\/www.karamantoki.com\/index.php\/wp-json\/wp\/v2\/types\/post"}],"author":[{"embeddable":true,"href":"https:\/\/www.karamantoki.com\/index.php\/wp-json\/wp\/v2\/users\/1"}],"replies":[{"embeddable":true,"href":"https:\/\/www.karamantoki.com\/index.php\/wp-json\/wp\/v2\/comments?post=5844"}],"version-history":[{"count":0,"href":"https:\/\/www.karamantoki.com\/index.php\/wp-json\/wp\/v2\/posts\/5844\/revisions"}],"wp:attachment":[{"href":"https:\/\/www.karamantoki.com\/index.php\/wp-json\/wp\/v2\/media?parent=5844"}],"wp:term":[{"taxonomy":"category","embeddable":true,"href":"https:\/\/www.karamantoki.com\/index.php\/wp-json\/wp\/v2\/categories?post=5844"},{"taxonomy":"post_tag","embeddable":true,"href":"https:\/\/www.karamantoki.com\/index.php\/wp-json\/wp\/v2\/tags?post=5844"}],"curies":[{"name":"wp","href":"https:\/\/api.w.org\/{rel}","templated":true}]}}