{"id":5828,"date":"2026-03-18T02:51:11","date_gmt":"2026-03-18T02:51:11","guid":{"rendered":"https:\/\/www.karamantoki.com\/index.php\/2026\/03\/18\/kolombiya-lideri-petro-fransa-cumhurbaskani-macron-ile-telefonda-orta-dogudaki-durumu-gorustu\/"},"modified":"2026-03-18T02:51:11","modified_gmt":"2026-03-18T02:51:11","slug":"kolombiya-lideri-petro-fransa-cumhurbaskani-macron-ile-telefonda-orta-dogudaki-durumu-gorustu","status":"publish","type":"post","link":"https:\/\/www.karamantoki.com\/index.php\/2026\/03\/18\/kolombiya-lideri-petro-fransa-cumhurbaskani-macron-ile-telefonda-orta-dogudaki-durumu-gorustu\/","title":{"rendered":"Kolombiya lideri Petro, Fransa Cumhurba\u015fkan\u0131 Macron ile telefonda Orta Do\u011fu&apos;daki durumu g\u00f6r\u00fc\u015ft\u00fc"},"content":{"rendered":"<p>Kolombiya Cumhurba\u015fkan\u0131 Gustavo Petro, Fransa Cumhurba\u015fkan\u0131 Emmanuel Macron ile yapt\u0131\u011f\u0131 telefon g\u00f6r\u00fc\u015fmesinde Orta Do\u011fu&#8217;daki ate\u015fkes ve diyalog kanallar\u0131n\u0131n a\u00e7\u0131lmas\u0131 i\u00e7in ortak \u00e7aba \u00f6nerisinde bulundu.<\/p>\n","protected":false},"excerpt":{"rendered":"<p>Kolombiya Cumhurba\u015fkan\u0131 Gustavo Petro, Fransa Cumhurba\u015fkan\u0131 Emmanuel Macron ile yapt\u0131\u011f\u0131 telefon g\u00f6r\u00fc\u015fmesinde Orta Do\u011fu&#8217;daki ate\u015fkes ve diyalog kanallar\u0131n\u0131n a\u00e7\u0131lmas\u0131 i\u00e7in ortak \u00e7aba \u00f6nerisinde bulundu.<\/p>\n","protected":false},"author":1,"featured_media":0,"comment_status":"open","ping_status":"open","sticky":false,"template":"","format":"standard","meta":{"_joinchat":[],"footnotes":""},"categories":[1],"tags":[],"class_list":{"0":"post-5828","1":"post","2":"type-post","3":"status-publish","4":"format-standard","6":"category-toki"},"_links":{"self":[{"href":"https:\/\/www.karamantoki.com\/index.php\/wp-json\/wp\/v2\/posts\/5828","targetHints":{"allow":["GET"]}}],"collection":[{"href":"https:\/\/www.karamantoki.com\/index.php\/wp-json\/wp\/v2\/posts"}],"about":[{"href":"https:\/\/www.karamantoki.com\/index.php\/wp-json\/wp\/v2\/types\/post"}],"author":[{"embeddable":true,"href":"https:\/\/www.karamantoki.com\/index.php\/wp-json\/wp\/v2\/users\/1"}],"replies":[{"embeddable":true,"href":"https:\/\/www.karamantoki.com\/index.php\/wp-json\/wp\/v2\/comments?post=5828"}],"version-history":[{"count":0,"href":"https:\/\/www.karamantoki.com\/index.php\/wp-json\/wp\/v2\/posts\/5828\/revisions"}],"wp:attachment":[{"href":"https:\/\/www.karamantoki.com\/index.php\/wp-json\/wp\/v2\/media?parent=5828"}],"wp:term":[{"taxonomy":"category","embeddable":true,"href":"https:\/\/www.karamantoki.com\/index.php\/wp-json\/wp\/v2\/categories?post=5828"},{"taxonomy":"post_tag","embeddable":true,"href":"https:\/\/www.karamantoki.com\/index.php\/wp-json\/wp\/v2\/tags?post=5828"}],"curies":[{"name":"wp","href":"https:\/\/api.w.org\/{rel}","templated":true}]}}