{"id":5632,"date":"2026-03-08T21:50:19","date_gmt":"2026-03-08T21:50:19","guid":{"rendered":"https:\/\/www.karamantoki.com\/index.php\/2026\/03\/08\/iran-ve-azerbaycan-liderleri-telefonda-gorustu\/"},"modified":"2026-03-08T21:50:19","modified_gmt":"2026-03-08T21:50:19","slug":"iran-ve-azerbaycan-liderleri-telefonda-gorustu","status":"publish","type":"post","link":"https:\/\/www.karamantoki.com\/index.php\/2026\/03\/08\/iran-ve-azerbaycan-liderleri-telefonda-gorustu\/","title":{"rendered":"\u0130ran ve Azerbaycan Liderleri Telefonda G\u00f6r\u00fc\u015ft\u00fc."},"content":{"rendered":"<p>\u0130ran Cumhurba\u015fkan\u0131 Mesud Peze\u015fkiyan, Azerbaycan Cumhurba\u015fkan\u0131 \u0130lham Aliyev ile telefon g\u00f6r\u00fc\u015fmesi ger\u00e7ekle\u015ftirdi. G\u00f6r\u00fc\u015fmede, Nah\u00e7\u0131van&#8217;a d\u00fczenlenen hava sald\u0131r\u0131s\u0131n\u0131n \u0130ran ile ilgisi olmad\u0131\u011f\u0131n\u0131 belirten Peze\u015fkiyan, olay\u0131n soru\u015fturulaca\u011f\u0131n\u0131 vurgulad\u0131. \u0130ki lider, ayr\u0131ca ortak ekonomik projeler hakk\u0131nda g\u00f6r\u00fc\u015f al\u0131\u015fveri\u015finde bulundu.<\/p>\n","protected":false},"excerpt":{"rendered":"<p>\u0130ran Cumhurba\u015fkan\u0131 Mesud Peze\u015fkiyan, Azerbaycan Cumhurba\u015fkan\u0131 \u0130lham Aliyev ile telefon g\u00f6r\u00fc\u015fmesi ger\u00e7ekle\u015ftirdi. G\u00f6r\u00fc\u015fmede, Nah\u00e7\u0131van&#8217;a d\u00fczenlenen hava sald\u0131r\u0131s\u0131n\u0131n \u0130ran ile ilgisi olmad\u0131\u011f\u0131n\u0131 belirten Peze\u015fkiyan, olay\u0131n soru\u015fturulaca\u011f\u0131n\u0131 vurgulad\u0131. \u0130ki lider, ayr\u0131ca ortak ekonomik projeler hakk\u0131nda g\u00f6r\u00fc\u015f al\u0131\u015fveri\u015finde bulundu.<\/p>\n","protected":false},"author":1,"featured_media":0,"comment_status":"open","ping_status":"open","sticky":false,"template":"","format":"standard","meta":{"_joinchat":[],"footnotes":""},"categories":[1],"tags":[],"class_list":{"0":"post-5632","1":"post","2":"type-post","3":"status-publish","4":"format-standard","6":"category-toki"},"_links":{"self":[{"href":"https:\/\/www.karamantoki.com\/index.php\/wp-json\/wp\/v2\/posts\/5632","targetHints":{"allow":["GET"]}}],"collection":[{"href":"https:\/\/www.karamantoki.com\/index.php\/wp-json\/wp\/v2\/posts"}],"about":[{"href":"https:\/\/www.karamantoki.com\/index.php\/wp-json\/wp\/v2\/types\/post"}],"author":[{"embeddable":true,"href":"https:\/\/www.karamantoki.com\/index.php\/wp-json\/wp\/v2\/users\/1"}],"replies":[{"embeddable":true,"href":"https:\/\/www.karamantoki.com\/index.php\/wp-json\/wp\/v2\/comments?post=5632"}],"version-history":[{"count":0,"href":"https:\/\/www.karamantoki.com\/index.php\/wp-json\/wp\/v2\/posts\/5632\/revisions"}],"wp:attachment":[{"href":"https:\/\/www.karamantoki.com\/index.php\/wp-json\/wp\/v2\/media?parent=5632"}],"wp:term":[{"taxonomy":"category","embeddable":true,"href":"https:\/\/www.karamantoki.com\/index.php\/wp-json\/wp\/v2\/categories?post=5632"},{"taxonomy":"post_tag","embeddable":true,"href":"https:\/\/www.karamantoki.com\/index.php\/wp-json\/wp\/v2\/tags?post=5632"}],"curies":[{"name":"wp","href":"https:\/\/api.w.org\/{rel}","templated":true}]}}