{"id":5630,"date":"2026-03-08T21:50:18","date_gmt":"2026-03-08T21:50:18","guid":{"rendered":"https:\/\/www.karamantoki.com\/index.php\/2026\/03\/08\/abd-israil-saldirilarinda-isfahan-kentinde-iranli-general-oldu\/"},"modified":"2026-03-08T21:50:18","modified_gmt":"2026-03-08T21:50:18","slug":"abd-israil-saldirilarinda-isfahan-kentinde-iranli-general-oldu","status":"publish","type":"post","link":"https:\/\/www.karamantoki.com\/index.php\/2026\/03\/08\/abd-israil-saldirilarinda-isfahan-kentinde-iranli-general-oldu\/","title":{"rendered":"ABD-\u0130srail sald\u0131r\u0131lar\u0131nda \u0130sfahan kentinde \u0130ranl\u0131 general \u00f6ld\u00fc"},"content":{"rendered":"<p>ABD ve \u0130srail sald\u0131r\u0131s\u0131 alt\u0131ndaki \u0130ran&#8217;da \u00fcst d\u00fczey kay\u0131plar devam ediyor. Son olarak Devrim Muhaf\u0131zlar\u0131 Ordusu, ABD-\u0130srail sald\u0131r\u0131lar\u0131nda \u0130sfahan&#8217;daki Sahib ez-Zaman Devrim Muhaf\u0131zlar\u0131 Koordinasyon Yard\u0131mc\u0131s\u0131 Tu\u011fgeneral Hac\u0131 Ali Ha\u015fimi&#8217;nin \u00f6ld\u00fc\u011f\u00fcn\u00fc duyurdu.<\/p>\n","protected":false},"excerpt":{"rendered":"<p>ABD ve \u0130srail sald\u0131r\u0131s\u0131 alt\u0131ndaki \u0130ran&#8217;da \u00fcst d\u00fczey kay\u0131plar devam ediyor. Son olarak Devrim Muhaf\u0131zlar\u0131 Ordusu, ABD-\u0130srail sald\u0131r\u0131lar\u0131nda \u0130sfahan&#8217;daki Sahib ez-Zaman Devrim Muhaf\u0131zlar\u0131 Koordinasyon Yard\u0131mc\u0131s\u0131 Tu\u011fgeneral Hac\u0131 Ali Ha\u015fimi&#8217;nin \u00f6ld\u00fc\u011f\u00fcn\u00fc duyurdu.<\/p>\n","protected":false},"author":1,"featured_media":0,"comment_status":"open","ping_status":"open","sticky":false,"template":"","format":"standard","meta":{"_joinchat":[],"footnotes":""},"categories":[1],"tags":[],"class_list":{"0":"post-5630","1":"post","2":"type-post","3":"status-publish","4":"format-standard","6":"category-toki"},"_links":{"self":[{"href":"https:\/\/www.karamantoki.com\/index.php\/wp-json\/wp\/v2\/posts\/5630","targetHints":{"allow":["GET"]}}],"collection":[{"href":"https:\/\/www.karamantoki.com\/index.php\/wp-json\/wp\/v2\/posts"}],"about":[{"href":"https:\/\/www.karamantoki.com\/index.php\/wp-json\/wp\/v2\/types\/post"}],"author":[{"embeddable":true,"href":"https:\/\/www.karamantoki.com\/index.php\/wp-json\/wp\/v2\/users\/1"}],"replies":[{"embeddable":true,"href":"https:\/\/www.karamantoki.com\/index.php\/wp-json\/wp\/v2\/comments?post=5630"}],"version-history":[{"count":0,"href":"https:\/\/www.karamantoki.com\/index.php\/wp-json\/wp\/v2\/posts\/5630\/revisions"}],"wp:attachment":[{"href":"https:\/\/www.karamantoki.com\/index.php\/wp-json\/wp\/v2\/media?parent=5630"}],"wp:term":[{"taxonomy":"category","embeddable":true,"href":"https:\/\/www.karamantoki.com\/index.php\/wp-json\/wp\/v2\/categories?post=5630"},{"taxonomy":"post_tag","embeddable":true,"href":"https:\/\/www.karamantoki.com\/index.php\/wp-json\/wp\/v2\/tags?post=5630"}],"curies":[{"name":"wp","href":"https:\/\/api.w.org\/{rel}","templated":true}]}}