{"id":5618,"date":"2026-03-08T19:51:13","date_gmt":"2026-03-08T19:51:13","guid":{"rendered":"https:\/\/www.karamantoki.com\/index.php\/2026\/03\/08\/meksikada-abd-ve-israil-politikalarina-karsi-protesto-baal-heykeli-yakildi\/"},"modified":"2026-03-08T19:51:13","modified_gmt":"2026-03-08T19:51:13","slug":"meksikada-abd-ve-israil-politikalarina-karsi-protesto-baal-heykeli-yakildi","status":"publish","type":"post","link":"https:\/\/www.karamantoki.com\/index.php\/2026\/03\/08\/meksikada-abd-ve-israil-politikalarina-karsi-protesto-baal-heykeli-yakildi\/","title":{"rendered":"Meksika&apos;da ABD ve \u0130srail Politikalar\u0131na Kar\u015f\u0131 Protesto: &apos;Baal&apos; Heykeli Yak\u0131ld\u0131"},"content":{"rendered":"<p>Meksika&#8217;n\u0131n ba\u015fkenti Mexico City&#8217;de ABD B\u00fcy\u00fckel\u00e7ili\u011fi \u00f6n\u00fcnde d\u00fczenlenen bir protestoda, ABD ve \u0130srail&#8217;in Orta Do\u011fu politikalar\u0131na kar\u015f\u0131 g\u00f6steri d\u00fczenlendi. Protestocular, &#8216;Baal&#8217;\u0131 temsil eden bir maket heykeli ate\u015fe vererek Bat\u0131&#8217;n\u0131n politikalar\u0131n\u0131 ele\u015ftirdi. Bu eylem, ABD ve \u0130srail&#8217;in \u0130ran&#8217;a y\u00f6nelik sald\u0131r\u0131lar\u0131n\u0131n ard\u0131ndan d\u00fcnya genelinde artan gerilim ve protestolar\u0131n bir par\u00e7as\u0131 olarak ger\u00e7ekle\u015fti.<\/p>\n","protected":false},"excerpt":{"rendered":"<p>Meksika&#8217;n\u0131n ba\u015fkenti Mexico City&#8217;de ABD B\u00fcy\u00fckel\u00e7ili\u011fi \u00f6n\u00fcnde d\u00fczenlenen bir protestoda, ABD ve \u0130srail&#8217;in Orta Do\u011fu politikalar\u0131na kar\u015f\u0131 g\u00f6steri d\u00fczenlendi. Protestocular, &#8216;Baal&#8217;\u0131 temsil eden bir maket heykeli ate\u015fe vererek Bat\u0131&#8217;n\u0131n politikalar\u0131n\u0131 ele\u015ftirdi. Bu eylem, ABD ve \u0130srail&#8217;in \u0130ran&#8217;a y\u00f6nelik sald\u0131r\u0131lar\u0131n\u0131n ard\u0131ndan d\u00fcnya genelinde artan gerilim ve protestolar\u0131n bir par\u00e7as\u0131 olarak ger\u00e7ekle\u015fti.<\/p>\n","protected":false},"author":1,"featured_media":0,"comment_status":"open","ping_status":"open","sticky":false,"template":"","format":"standard","meta":{"_joinchat":[],"footnotes":""},"categories":[1],"tags":[],"class_list":{"0":"post-5618","1":"post","2":"type-post","3":"status-publish","4":"format-standard","6":"category-toki"},"_links":{"self":[{"href":"https:\/\/www.karamantoki.com\/index.php\/wp-json\/wp\/v2\/posts\/5618","targetHints":{"allow":["GET"]}}],"collection":[{"href":"https:\/\/www.karamantoki.com\/index.php\/wp-json\/wp\/v2\/posts"}],"about":[{"href":"https:\/\/www.karamantoki.com\/index.php\/wp-json\/wp\/v2\/types\/post"}],"author":[{"embeddable":true,"href":"https:\/\/www.karamantoki.com\/index.php\/wp-json\/wp\/v2\/users\/1"}],"replies":[{"embeddable":true,"href":"https:\/\/www.karamantoki.com\/index.php\/wp-json\/wp\/v2\/comments?post=5618"}],"version-history":[{"count":0,"href":"https:\/\/www.karamantoki.com\/index.php\/wp-json\/wp\/v2\/posts\/5618\/revisions"}],"wp:attachment":[{"href":"https:\/\/www.karamantoki.com\/index.php\/wp-json\/wp\/v2\/media?parent=5618"}],"wp:term":[{"taxonomy":"category","embeddable":true,"href":"https:\/\/www.karamantoki.com\/index.php\/wp-json\/wp\/v2\/categories?post=5618"},{"taxonomy":"post_tag","embeddable":true,"href":"https:\/\/www.karamantoki.com\/index.php\/wp-json\/wp\/v2\/tags?post=5618"}],"curies":[{"name":"wp","href":"https:\/\/api.w.org\/{rel}","templated":true}]}}