{"id":5013,"date":"2026-02-04T09:03:23","date_gmt":"2026-02-04T09:03:23","guid":{"rendered":"https:\/\/www.karamantoki.com\/index.php\/2026\/02\/04\/yabanci-yatirimci-rotayi-turkiyeye-cevirdi-bakan-simsek-programimiza-guven-artiyor\/"},"modified":"2026-02-04T09:03:23","modified_gmt":"2026-02-04T09:03:23","slug":"yabanci-yatirimci-rotayi-turkiyeye-cevirdi-bakan-simsek-programimiza-guven-artiyor","status":"publish","type":"post","link":"https:\/\/www.karamantoki.com\/index.php\/2026\/02\/04\/yabanci-yatirimci-rotayi-turkiyeye-cevirdi-bakan-simsek-programimiza-guven-artiyor\/","title":{"rendered":"Yabanc\u0131 yat\u0131r\u0131mc\u0131 rotay\u0131 T\u00fcrkiye\u2019ye \u00e7evirdi! Bakan \u015eim\u015fek: Program\u0131m\u0131za g\u00fcven art\u0131yor"},"content":{"rendered":"<p><img decoding=\"async\" src=\"https:\/\/iaahbr.tmgrup.com.tr\/e260e3\/1200\/1200\/114\/0\/599\/486?u=https:\/\/iahbr.tmgrup.com.tr\/2026\/02\/04\/yabanci-yatirimci-rotayi-turkiyeye-cevirdi-bakan-simsek-programimiza-guven-artiyor-1770191625114.jpg\" alt=\"Yabanc\u0131 yat\u0131r\u0131mc\u0131 rotay\u0131 T\u00fcrkiye\u2019ye \u00e7evirdi! Bakan \u015eim\u015fek: Program\u0131m\u0131za g\u00fcven art\u0131yor\"><br \/>Hazine ve Maliye Bakan\u0131 Mehmet \u015eim\u015fek, do\u011frudan yabanc\u0131 yat\u0131r\u0131mlar\u0131n y\u0131ll\u0131k %28 art\u0131\u015fla 11 ayda 12,4 milyar dolara ula\u015ft\u0131\u011f\u0131n\u0131 a\u00e7\u0131klad\u0131. \u015eim\u015fek, bu y\u00fckseli\u015fi uygulanan ekonomi program\u0131na duyulan &#8220;artan&#8230;<a href=\"https:\/\/www.ahaber.com.tr\/ekonomi\/2026\/02\/04\/yabanci-yatirimci-rotayi-turkiyeye-cevirdi-bakan-simsek-programimiza-guven-artiyor\">Devam\u0131 i\u00e7in t\u0131klay\u0131n\u0131z<\/a><\/p>\n","protected":false},"excerpt":{"rendered":"<p>Hazine ve Maliye Bakan\u0131 Mehmet \u015eim\u015fek, do\u011frudan yabanc\u0131 yat\u0131r\u0131mlar\u0131n y\u0131ll\u0131k %28 art\u0131\u015fla 11 ayda 12,4 milyar dolara ula\u015ft\u0131\u011f\u0131n\u0131 a\u00e7\u0131klad\u0131. \u015eim\u015fek, bu y\u00fckseli\u015fi uygulanan ekonomi program\u0131na duyulan &#8220;artan&#8230;Devam\u0131 i\u00e7in t\u0131klay\u0131n\u0131z<\/p>\n","protected":false},"author":1,"featured_media":0,"comment_status":"open","ping_status":"open","sticky":false,"template":"","format":"standard","meta":{"_joinchat":[],"footnotes":""},"categories":[32],"tags":[],"class_list":{"0":"post-5013","1":"post","2":"type-post","3":"status-publish","4":"format-standard","6":"category-ekonomi"},"_links":{"self":[{"href":"https:\/\/www.karamantoki.com\/index.php\/wp-json\/wp\/v2\/posts\/5013","targetHints":{"allow":["GET"]}}],"collection":[{"href":"https:\/\/www.karamantoki.com\/index.php\/wp-json\/wp\/v2\/posts"}],"about":[{"href":"https:\/\/www.karamantoki.com\/index.php\/wp-json\/wp\/v2\/types\/post"}],"author":[{"embeddable":true,"href":"https:\/\/www.karamantoki.com\/index.php\/wp-json\/wp\/v2\/users\/1"}],"replies":[{"embeddable":true,"href":"https:\/\/www.karamantoki.com\/index.php\/wp-json\/wp\/v2\/comments?post=5013"}],"version-history":[{"count":0,"href":"https:\/\/www.karamantoki.com\/index.php\/wp-json\/wp\/v2\/posts\/5013\/revisions"}],"wp:attachment":[{"href":"https:\/\/www.karamantoki.com\/index.php\/wp-json\/wp\/v2\/media?parent=5013"}],"wp:term":[{"taxonomy":"category","embeddable":true,"href":"https:\/\/www.karamantoki.com\/index.php\/wp-json\/wp\/v2\/categories?post=5013"},{"taxonomy":"post_tag","embeddable":true,"href":"https:\/\/www.karamantoki.com\/index.php\/wp-json\/wp\/v2\/tags?post=5013"}],"curies":[{"name":"wp","href":"https:\/\/api.w.org\/{rel}","templated":true}]}}