{"id":4970,"date":"2026-01-30T06:03:35","date_gmt":"2026-01-30T06:03:35","guid":{"rendered":"https:\/\/www.karamantoki.com\/index.php\/2026\/01\/30\/baskan-erdogandan-sabaha-ozel-makale-2026-turkiye-yuzyilinin-parlayan-yildizi-olacak\/"},"modified":"2026-01-30T06:03:35","modified_gmt":"2026-01-30T06:03:35","slug":"baskan-erdogandan-sabaha-ozel-makale-2026-turkiye-yuzyilinin-parlayan-yildizi-olacak","status":"publish","type":"post","link":"https:\/\/www.karamantoki.com\/index.php\/2026\/01\/30\/baskan-erdogandan-sabaha-ozel-makale-2026-turkiye-yuzyilinin-parlayan-yildizi-olacak\/","title":{"rendered":"Ba\u015fkan Erdo\u011fan\u2019dan SABAH&#8217;a \u00f6zel makale: \u201c2026 T\u00fcrkiye Y\u00fczy\u0131l\u0131\u2019n\u0131n parlayan y\u0131ld\u0131z\u0131 olacak\u201d"},"content":{"rendered":"<p><img decoding=\"async\" src=\"https:\/\/iaahbr.tmgrup.com.tr\/6236be\/0\/0\/0\/0\/2048\/1418?u=https:\/\/iahbr.tmgrup.com.tr\/2026\/01\/30\/baskan-erdogandan-2026-mesaji-turkiye-yuzyilinin-parlayan-yildizi-olacak-1769746681840.jpg\" alt=\"Ba\u015fkan Erdo\u011fan\u2019dan SABAH'a \u00f6zel makale: \u201c2026 T\u00fcrkiye Y\u00fczy\u0131l\u0131\u2019n\u0131n parlayan y\u0131ld\u0131z\u0131 olacak\u201d\"><br \/>Ba\u015fkan Recep Tayyip Erdo\u011fan, SABAH&#8217;a yazd\u0131\u011f\u0131 \u00f6zel makalesinde 2026 y\u0131l\u0131n\u0131 b\u00fcy\u00fck \u015fahlan\u0131\u015f\u0131n ve reformlar\u0131n d\u00f6nemi olarak ilan etti. Ekonomiden savunma sanayiine, enerjiden d\u0131\u015f politikaya kadar her&#8230;<a href=\"https:\/\/www.ahaber.com.tr\/ekonomi\/2026\/01\/30\/baskan-erdogandan-2026-mesaji-turkiye-yuzyilinin-parlayan-yildizi-olacak\">Devam\u0131 i\u00e7in t\u0131klay\u0131n\u0131z<\/a><\/p>\n","protected":false},"excerpt":{"rendered":"<p>Ba\u015fkan Recep Tayyip Erdo\u011fan, SABAH&#8217;a yazd\u0131\u011f\u0131 \u00f6zel makalesinde 2026 y\u0131l\u0131n\u0131 b\u00fcy\u00fck \u015fahlan\u0131\u015f\u0131n ve reformlar\u0131n d\u00f6nemi olarak ilan etti. Ekonomiden savunma sanayiine, enerjiden d\u0131\u015f politikaya kadar her&#8230;Devam\u0131 i\u00e7in t\u0131klay\u0131n\u0131z<\/p>\n","protected":false},"author":1,"featured_media":0,"comment_status":"open","ping_status":"open","sticky":false,"template":"","format":"standard","meta":{"_joinchat":[],"footnotes":""},"categories":[32],"tags":[],"class_list":{"0":"post-4970","1":"post","2":"type-post","3":"status-publish","4":"format-standard","6":"category-ekonomi"},"_links":{"self":[{"href":"https:\/\/www.karamantoki.com\/index.php\/wp-json\/wp\/v2\/posts\/4970","targetHints":{"allow":["GET"]}}],"collection":[{"href":"https:\/\/www.karamantoki.com\/index.php\/wp-json\/wp\/v2\/posts"}],"about":[{"href":"https:\/\/www.karamantoki.com\/index.php\/wp-json\/wp\/v2\/types\/post"}],"author":[{"embeddable":true,"href":"https:\/\/www.karamantoki.com\/index.php\/wp-json\/wp\/v2\/users\/1"}],"replies":[{"embeddable":true,"href":"https:\/\/www.karamantoki.com\/index.php\/wp-json\/wp\/v2\/comments?post=4970"}],"version-history":[{"count":0,"href":"https:\/\/www.karamantoki.com\/index.php\/wp-json\/wp\/v2\/posts\/4970\/revisions"}],"wp:attachment":[{"href":"https:\/\/www.karamantoki.com\/index.php\/wp-json\/wp\/v2\/media?parent=4970"}],"wp:term":[{"taxonomy":"category","embeddable":true,"href":"https:\/\/www.karamantoki.com\/index.php\/wp-json\/wp\/v2\/categories?post=4970"},{"taxonomy":"post_tag","embeddable":true,"href":"https:\/\/www.karamantoki.com\/index.php\/wp-json\/wp\/v2\/tags?post=4970"}],"curies":[{"name":"wp","href":"https:\/\/api.w.org\/{rel}","templated":true}]}}