{"id":4756,"date":"2026-01-18T03:50:30","date_gmt":"2026-01-18T03:50:30","guid":{"rendered":"https:\/\/www.karamantoki.com\/index.php\/2026\/01\/18\/irandaki-protestolarda-olu-sayisi-3-bin-308e-tutuklu-sayisi-24-bin-266ya-yukseldi\/"},"modified":"2026-01-18T03:50:30","modified_gmt":"2026-01-18T03:50:30","slug":"irandaki-protestolarda-olu-sayisi-3-bin-308e-tutuklu-sayisi-24-bin-266ya-yukseldi","status":"publish","type":"post","link":"https:\/\/www.karamantoki.com\/index.php\/2026\/01\/18\/irandaki-protestolarda-olu-sayisi-3-bin-308e-tutuklu-sayisi-24-bin-266ya-yukseldi\/","title":{"rendered":"\u0130ran&apos;daki protestolarda \u00f6l\u00fc say\u0131s\u0131 3 bin 308&apos;e, tutuklu say\u0131s\u0131 24 bin 266&apos;ya y\u00fckseldi"},"content":{"rendered":"<p>\u0130ran \u0130nsan Haklar\u0131 Aktivistleri, \u00fclkede artan protestolar nedeniyle hayat\u0131n\u0131 kaybedenlerin say\u0131s\u0131n\u0131n 3 bin 308&#8217;e, tutuklananlar\u0131n ise 24 bin 266&#8217;ya ula\u015ft\u0131\u011f\u0131n\u0131 a\u00e7\u0131klad\u0131. Protestolar, hayat pahal\u0131l\u0131\u011f\u0131 nedeniyle ba\u015flam\u0131\u015f ve h\u00fck\u00fcmet kar\u015f\u0131t\u0131 eylemlere d\u00f6n\u00fc\u015fm\u00fc\u015ft\u00fc.<\/p>\n","protected":false},"excerpt":{"rendered":"<p>\u0130ran \u0130nsan Haklar\u0131 Aktivistleri, \u00fclkede artan protestolar nedeniyle hayat\u0131n\u0131 kaybedenlerin say\u0131s\u0131n\u0131n 3 bin 308&#8217;e, tutuklananlar\u0131n ise 24 bin 266&#8217;ya ula\u015ft\u0131\u011f\u0131n\u0131 a\u00e7\u0131klad\u0131. Protestolar, hayat pahal\u0131l\u0131\u011f\u0131 nedeniyle ba\u015flam\u0131\u015f ve h\u00fck\u00fcmet kar\u015f\u0131t\u0131 eylemlere d\u00f6n\u00fc\u015fm\u00fc\u015ft\u00fc.<\/p>\n","protected":false},"author":1,"featured_media":0,"comment_status":"open","ping_status":"open","sticky":false,"template":"","format":"standard","meta":{"_joinchat":[],"footnotes":""},"categories":[1],"tags":[],"class_list":{"0":"post-4756","1":"post","2":"type-post","3":"status-publish","4":"format-standard","6":"category-toki"},"_links":{"self":[{"href":"https:\/\/www.karamantoki.com\/index.php\/wp-json\/wp\/v2\/posts\/4756","targetHints":{"allow":["GET"]}}],"collection":[{"href":"https:\/\/www.karamantoki.com\/index.php\/wp-json\/wp\/v2\/posts"}],"about":[{"href":"https:\/\/www.karamantoki.com\/index.php\/wp-json\/wp\/v2\/types\/post"}],"author":[{"embeddable":true,"href":"https:\/\/www.karamantoki.com\/index.php\/wp-json\/wp\/v2\/users\/1"}],"replies":[{"embeddable":true,"href":"https:\/\/www.karamantoki.com\/index.php\/wp-json\/wp\/v2\/comments?post=4756"}],"version-history":[{"count":0,"href":"https:\/\/www.karamantoki.com\/index.php\/wp-json\/wp\/v2\/posts\/4756\/revisions"}],"wp:attachment":[{"href":"https:\/\/www.karamantoki.com\/index.php\/wp-json\/wp\/v2\/media?parent=4756"}],"wp:term":[{"taxonomy":"category","embeddable":true,"href":"https:\/\/www.karamantoki.com\/index.php\/wp-json\/wp\/v2\/categories?post=4756"},{"taxonomy":"post_tag","embeddable":true,"href":"https:\/\/www.karamantoki.com\/index.php\/wp-json\/wp\/v2\/tags?post=4756"}],"curies":[{"name":"wp","href":"https:\/\/api.w.org\/{rel}","templated":true}]}}