{"id":4630,"date":"2026-01-14T22:51:01","date_gmt":"2026-01-14T22:51:01","guid":{"rendered":"https:\/\/www.karamantoki.com\/index.php\/2026\/01\/14\/bakan-fidan-ve-seyh-abdullah-bin-zayid-al-nahyan-gorustu\/"},"modified":"2026-01-14T22:51:01","modified_gmt":"2026-01-14T22:51:01","slug":"bakan-fidan-ve-seyh-abdullah-bin-zayid-al-nahyan-gorustu","status":"publish","type":"post","link":"https:\/\/www.karamantoki.com\/index.php\/2026\/01\/14\/bakan-fidan-ve-seyh-abdullah-bin-zayid-al-nahyan-gorustu\/","title":{"rendered":"Bakan Fidan ve \u015eeyh Abdullah bin Zayid Al Nahyan G\u00f6r\u00fc\u015ft\u00fc"},"content":{"rendered":"<p>Milli Savunma Bakan\u0131 Ya\u015far G\u00fcler, Birle\u015fik Arap Emirlikleri D\u0131\u015fi\u015fleri ve Uluslararas\u0131 \u0130\u015fbirli\u011fi Bakan\u0131 \u015eeyh Abdullah bin Zayid Al Nahyan ile \u00f6nemli bir g\u00f6r\u00fc\u015fme ger\u00e7ekle\u015ftirdi. \u0130ki bakan, ikili ili\u015fkiler ve b\u00f6lgesel meseleler \u00fczerine \u00e7e\u015fitli konular\u0131 de\u011ferlendirdi. Bu g\u00f6r\u00fc\u015fme, iki \u00fclke aras\u0131ndaki i\u015fbirli\u011finin g\u00fc\u00e7lendirilmesi a\u00e7\u0131s\u0131ndan kritik bir ad\u0131m olarak \u00f6nem ta\u015f\u0131maktad\u0131r.<\/p>\n","protected":false},"excerpt":{"rendered":"<p>Milli Savunma Bakan\u0131 Ya\u015far G\u00fcler, Birle\u015fik Arap Emirlikleri D\u0131\u015fi\u015fleri ve Uluslararas\u0131 \u0130\u015fbirli\u011fi Bakan\u0131 \u015eeyh Abdullah bin Zayid Al Nahyan ile \u00f6nemli bir g\u00f6r\u00fc\u015fme ger\u00e7ekle\u015ftirdi. \u0130ki bakan, ikili ili\u015fkiler ve b\u00f6lgesel meseleler \u00fczerine \u00e7e\u015fitli konular\u0131 de\u011ferlendirdi. Bu g\u00f6r\u00fc\u015fme, iki \u00fclke aras\u0131ndaki i\u015fbirli\u011finin g\u00fc\u00e7lendirilmesi a\u00e7\u0131s\u0131ndan kritik bir ad\u0131m olarak \u00f6nem ta\u015f\u0131maktad\u0131r.<\/p>\n","protected":false},"author":1,"featured_media":0,"comment_status":"open","ping_status":"open","sticky":false,"template":"","format":"standard","meta":{"_joinchat":[],"footnotes":""},"categories":[1],"tags":[],"class_list":{"0":"post-4630","1":"post","2":"type-post","3":"status-publish","4":"format-standard","6":"category-toki"},"_links":{"self":[{"href":"https:\/\/www.karamantoki.com\/index.php\/wp-json\/wp\/v2\/posts\/4630","targetHints":{"allow":["GET"]}}],"collection":[{"href":"https:\/\/www.karamantoki.com\/index.php\/wp-json\/wp\/v2\/posts"}],"about":[{"href":"https:\/\/www.karamantoki.com\/index.php\/wp-json\/wp\/v2\/types\/post"}],"author":[{"embeddable":true,"href":"https:\/\/www.karamantoki.com\/index.php\/wp-json\/wp\/v2\/users\/1"}],"replies":[{"embeddable":true,"href":"https:\/\/www.karamantoki.com\/index.php\/wp-json\/wp\/v2\/comments?post=4630"}],"version-history":[{"count":0,"href":"https:\/\/www.karamantoki.com\/index.php\/wp-json\/wp\/v2\/posts\/4630\/revisions"}],"wp:attachment":[{"href":"https:\/\/www.karamantoki.com\/index.php\/wp-json\/wp\/v2\/media?parent=4630"}],"wp:term":[{"taxonomy":"category","embeddable":true,"href":"https:\/\/www.karamantoki.com\/index.php\/wp-json\/wp\/v2\/categories?post=4630"},{"taxonomy":"post_tag","embeddable":true,"href":"https:\/\/www.karamantoki.com\/index.php\/wp-json\/wp\/v2\/tags?post=4630"}],"curies":[{"name":"wp","href":"https:\/\/api.w.org\/{rel}","templated":true}]}}