{"id":4571,"date":"2026-01-09T13:50:25","date_gmt":"2026-01-09T13:50:25","guid":{"rendered":"https:\/\/www.karamantoki.com\/index.php\/2026\/01\/09\/toki-antalya-kura-sonuclari-ne-zaman-aciklanacak-toki-antalya-kura-cekilisi-ne-zaman-saat-kacta-nerede-yapilacak\/"},"modified":"2026-01-09T13:50:25","modified_gmt":"2026-01-09T13:50:25","slug":"toki-antalya-kura-sonuclari-ne-zaman-aciklanacak-toki-antalya-kura-cekilisi-ne-zaman-saat-kacta-nerede-yapilacak","status":"publish","type":"post","link":"https:\/\/www.karamantoki.com\/index.php\/2026\/01\/09\/toki-antalya-kura-sonuclari-ne-zaman-aciklanacak-toki-antalya-kura-cekilisi-ne-zaman-saat-kacta-nerede-yapilacak\/","title":{"rendered":"TOK\u0130 Antalya kura sonu\u00e7lar\u0131 ne zaman a\u00e7\u0131klanacak? TOK\u0130 Antalya kura \u00e7ekili\u015fi ne zaman, saat ka\u00e7ta, nerede yap\u0131lacak?"},"content":{"rendered":"<p>TOK\u0130 taraf\u0131ndan hayata ge\u00e7irilen 500 bin sosyal konut projesi kapsam\u0131nda Antalya&#8217;da yap\u0131lacak kura \u00e7ekimi i\u00e7in heyecan doru\u011fa \u00e7\u0131kt\u0131. \u00c7evre, \u015eehircilik ve \u0130klim De\u011fi\u015fikli\u011fi Bakan\u0131 Murat Kurum&#8217;un a\u00e7\u0131klamas\u0131n\u0131n ard\u0131ndan Antalya TOK\u0130 kura \u00e7ekiminin tarihi netle\u015fti. Peki, TOK\u0130 Antalya kura \u00e7ekili\u015fi ne zaman, saat ka\u00e7ta? Antalya TOK\u0130 kura \u00e7ekimi nerede yap\u0131lacak? TOK\u0130 Antalya kura sonu\u00e7lar\u0131 ne zaman a\u00e7\u0131klanacak? Detaylar haberimizde.<\/p>\n","protected":false},"excerpt":{"rendered":"<p>TOK\u0130 taraf\u0131ndan hayata ge\u00e7irilen 500 bin sosyal konut projesi kapsam\u0131nda Antalya&#8217;da yap\u0131lacak kura \u00e7ekimi i\u00e7in heyecan doru\u011fa \u00e7\u0131kt\u0131. \u00c7evre, \u015eehircilik ve \u0130klim De\u011fi\u015fikli\u011fi Bakan\u0131 Murat Kurum&#8217;un a\u00e7\u0131klamas\u0131n\u0131n ard\u0131ndan Antalya TOK\u0130 kura \u00e7ekiminin tarihi netle\u015fti. Peki, TOK\u0130 Antalya kura \u00e7ekili\u015fi ne zaman, saat ka\u00e7ta? Antalya TOK\u0130 kura \u00e7ekimi nerede yap\u0131lacak? TOK\u0130 Antalya kura sonu\u00e7lar\u0131 ne zaman [&hellip;]<\/p>\n","protected":false},"author":1,"featured_media":0,"comment_status":"open","ping_status":"open","sticky":false,"template":"","format":"standard","meta":{"_joinchat":[],"footnotes":""},"categories":[1],"tags":[],"class_list":{"0":"post-4571","1":"post","2":"type-post","3":"status-publish","4":"format-standard","6":"category-toki"},"_links":{"self":[{"href":"https:\/\/www.karamantoki.com\/index.php\/wp-json\/wp\/v2\/posts\/4571","targetHints":{"allow":["GET"]}}],"collection":[{"href":"https:\/\/www.karamantoki.com\/index.php\/wp-json\/wp\/v2\/posts"}],"about":[{"href":"https:\/\/www.karamantoki.com\/index.php\/wp-json\/wp\/v2\/types\/post"}],"author":[{"embeddable":true,"href":"https:\/\/www.karamantoki.com\/index.php\/wp-json\/wp\/v2\/users\/1"}],"replies":[{"embeddable":true,"href":"https:\/\/www.karamantoki.com\/index.php\/wp-json\/wp\/v2\/comments?post=4571"}],"version-history":[{"count":0,"href":"https:\/\/www.karamantoki.com\/index.php\/wp-json\/wp\/v2\/posts\/4571\/revisions"}],"wp:attachment":[{"href":"https:\/\/www.karamantoki.com\/index.php\/wp-json\/wp\/v2\/media?parent=4571"}],"wp:term":[{"taxonomy":"category","embeddable":true,"href":"https:\/\/www.karamantoki.com\/index.php\/wp-json\/wp\/v2\/categories?post=4571"},{"taxonomy":"post_tag","embeddable":true,"href":"https:\/\/www.karamantoki.com\/index.php\/wp-json\/wp\/v2\/tags?post=4571"}],"curies":[{"name":"wp","href":"https:\/\/api.w.org\/{rel}","templated":true}]}}