{"id":4551,"date":"2026-01-08T09:03:27","date_gmt":"2026-01-08T09:03:27","guid":{"rendered":"https:\/\/www.karamantoki.com\/index.php\/2026\/01\/08\/2026-sosyal-yardim-odemelerine-zam-yasli-engelli-ayliklari-ve-evde-bakim-yardimi-iste-o-rakamlar\/"},"modified":"2026-01-08T09:03:27","modified_gmt":"2026-01-08T09:03:27","slug":"2026-sosyal-yardim-odemelerine-zam-yasli-engelli-ayliklari-ve-evde-bakim-yardimi-iste-o-rakamlar","status":"publish","type":"post","link":"https:\/\/www.karamantoki.com\/index.php\/2026\/01\/08\/2026-sosyal-yardim-odemelerine-zam-yasli-engelli-ayliklari-ve-evde-bakim-yardimi-iste-o-rakamlar\/","title":{"rendered":"2026 sosyal yard\u0131m \u00f6demelerine zam! Ya\u015fl\u0131 engelli ayl\u0131klar\u0131 ve evde bak\u0131m yard\u0131m\u0131&#8230; \u0130\u015fte o rakamlar"},"content":{"rendered":"<p><img decoding=\"async\" src=\"https:\/\/iaahbr.tmgrup.com.tr\/1b8fcb\/1200\/675\/0\/0\/864\/486?u=https:\/\/iahbr.tmgrup.com.tr\/2026\/01\/08\/sosyal-yardim-destekleri-belli-oldu-yasli-engelli-ve-evde-bakim-yardimi-iste-yeni-tutarlar-1767857316743.jpg\" alt=\"2026 sosyal yard\u0131m \u00f6demelerine zam! Ya\u015fl\u0131 engelli ayl\u0131klar\u0131 ve evde bak\u0131m yard\u0131m\u0131... \u0130\u015fte o rakamlar\"><br \/>Aile ve Sosyal Hizmetler Bakan\u0131 Mahinur \u00d6zdemir G\u00f6kta\u015f &#8220;Memur maa\u015f katsay\u0131s\u0131nda yap\u0131lan d\u00fczenlemeyle evde bak\u0131m yard\u0131m\u0131 13 bin 878 liraya y\u00fckseldi, sosyal ekonomik destek \u00f6demesi 9 bin 723 liraya y\u00fckseldi.&#8221;&#8230;<a href=\"https:\/\/www.ahaber.com.tr\/galeri\/ekonomi\/sosyal-yardim-destekleri-belli-oldu-yasli-engelli-ve-evde-bakim-yardimi-iste-yeni-tutarlar\">Devam\u0131 i\u00e7in t\u0131klay\u0131n\u0131z<\/a><\/p>\n","protected":false},"excerpt":{"rendered":"<p>Aile ve Sosyal Hizmetler Bakan\u0131 Mahinur \u00d6zdemir G\u00f6kta\u015f &#8220;Memur maa\u015f katsay\u0131s\u0131nda yap\u0131lan d\u00fczenlemeyle evde bak\u0131m yard\u0131m\u0131 13 bin 878 liraya y\u00fckseldi, sosyal ekonomik destek \u00f6demesi 9 bin 723 liraya y\u00fckseldi.&#8221;&#8230;Devam\u0131 i\u00e7in t\u0131klay\u0131n\u0131z<\/p>\n","protected":false},"author":1,"featured_media":0,"comment_status":"open","ping_status":"open","sticky":false,"template":"","format":"standard","meta":{"_joinchat":[],"footnotes":""},"categories":[32],"tags":[],"class_list":{"0":"post-4551","1":"post","2":"type-post","3":"status-publish","4":"format-standard","6":"category-ekonomi"},"_links":{"self":[{"href":"https:\/\/www.karamantoki.com\/index.php\/wp-json\/wp\/v2\/posts\/4551","targetHints":{"allow":["GET"]}}],"collection":[{"href":"https:\/\/www.karamantoki.com\/index.php\/wp-json\/wp\/v2\/posts"}],"about":[{"href":"https:\/\/www.karamantoki.com\/index.php\/wp-json\/wp\/v2\/types\/post"}],"author":[{"embeddable":true,"href":"https:\/\/www.karamantoki.com\/index.php\/wp-json\/wp\/v2\/users\/1"}],"replies":[{"embeddable":true,"href":"https:\/\/www.karamantoki.com\/index.php\/wp-json\/wp\/v2\/comments?post=4551"}],"version-history":[{"count":0,"href":"https:\/\/www.karamantoki.com\/index.php\/wp-json\/wp\/v2\/posts\/4551\/revisions"}],"wp:attachment":[{"href":"https:\/\/www.karamantoki.com\/index.php\/wp-json\/wp\/v2\/media?parent=4551"}],"wp:term":[{"taxonomy":"category","embeddable":true,"href":"https:\/\/www.karamantoki.com\/index.php\/wp-json\/wp\/v2\/categories?post=4551"},{"taxonomy":"post_tag","embeddable":true,"href":"https:\/\/www.karamantoki.com\/index.php\/wp-json\/wp\/v2\/tags?post=4551"}],"curies":[{"name":"wp","href":"https:\/\/api.w.org\/{rel}","templated":true}]}}