{"id":4536,"date":"2026-01-07T07:02:39","date_gmt":"2026-01-07T07:02:39","guid":{"rendered":"https:\/\/www.karamantoki.com\/index.php\/2026\/01\/07\/kapalicarsidaki-operasyonun-perde-arkasi-kara-paralar-o-sirketlere-gonderiliyor\/"},"modified":"2026-01-07T07:02:39","modified_gmt":"2026-01-07T07:02:39","slug":"kapalicarsidaki-operasyonun-perde-arkasi-kara-paralar-o-sirketlere-gonderiliyor","status":"publish","type":"post","link":"https:\/\/www.karamantoki.com\/index.php\/2026\/01\/07\/kapalicarsidaki-operasyonun-perde-arkasi-kara-paralar-o-sirketlere-gonderiliyor\/","title":{"rendered":"Kapal\u0131\u00e7ar\u015f\u0131\u2019daki operasyonun perde arkas\u0131! Kara paralar o \u015firketlere g\u00f6nderiliyor"},"content":{"rendered":"<p><img decoding=\"async\" src=\"https:\/\/iaahbr.tmgrup.com.tr\/9b24d9\/1200\/675\/0\/43\/752\/466?u=https:\/\/iahbr.tmgrup.com.tr\/2026\/01\/07\/kapalicarsidaki-operasyonun-perde-arkasi-kara-paralar-o-sirketlere-gonderiliyor-1767763553717.jpeg\" alt=\"Kapal\u0131\u00e7ar\u015f\u0131\u2019daki operasyonun perde arkas\u0131! Kara paralar o \u015firketlere g\u00f6nderiliyor\"><br \/>Kapal\u0131\u00e7ar\u015f\u0131&#8217;da kara para akland\u0131\u011f\u0131 iddialar\u0131na y\u00f6nelik d\u00f6rd\u00fcnc\u00fc dalga operasyon ba\u015flat\u0131ld\u0131. Soru\u015fturma kapsam\u0131nda 80 ki\u015fi hakk\u0131nda g\u00f6zalt\u0131 karar\u0131 verildi, 340 milyon liral\u0131k malvarl\u0131\u011f\u0131na el konuldu. Sabah&#8230;<a href=\"https:\/\/www.ahaber.com.tr\/viral\/galeri\/tikla\/kapalicarsidaki-operasyonun-perde-arkasi-kara-paralar-o-sirketlere-gonderiliyor\">Devam\u0131 i\u00e7in t\u0131klay\u0131n\u0131z<\/a><\/p>\n","protected":false},"excerpt":{"rendered":"<p>Kapal\u0131\u00e7ar\u015f\u0131&#8217;da kara para akland\u0131\u011f\u0131 iddialar\u0131na y\u00f6nelik d\u00f6rd\u00fcnc\u00fc dalga operasyon ba\u015flat\u0131ld\u0131. Soru\u015fturma kapsam\u0131nda 80 ki\u015fi hakk\u0131nda g\u00f6zalt\u0131 karar\u0131 verildi, 340 milyon liral\u0131k malvarl\u0131\u011f\u0131na el konuldu. Sabah&#8230;Devam\u0131 i\u00e7in t\u0131klay\u0131n\u0131z<\/p>\n","protected":false},"author":1,"featured_media":0,"comment_status":"open","ping_status":"open","sticky":false,"template":"","format":"standard","meta":{"_joinchat":[],"footnotes":""},"categories":[32],"tags":[],"class_list":{"0":"post-4536","1":"post","2":"type-post","3":"status-publish","4":"format-standard","6":"category-ekonomi"},"_links":{"self":[{"href":"https:\/\/www.karamantoki.com\/index.php\/wp-json\/wp\/v2\/posts\/4536","targetHints":{"allow":["GET"]}}],"collection":[{"href":"https:\/\/www.karamantoki.com\/index.php\/wp-json\/wp\/v2\/posts"}],"about":[{"href":"https:\/\/www.karamantoki.com\/index.php\/wp-json\/wp\/v2\/types\/post"}],"author":[{"embeddable":true,"href":"https:\/\/www.karamantoki.com\/index.php\/wp-json\/wp\/v2\/users\/1"}],"replies":[{"embeddable":true,"href":"https:\/\/www.karamantoki.com\/index.php\/wp-json\/wp\/v2\/comments?post=4536"}],"version-history":[{"count":0,"href":"https:\/\/www.karamantoki.com\/index.php\/wp-json\/wp\/v2\/posts\/4536\/revisions"}],"wp:attachment":[{"href":"https:\/\/www.karamantoki.com\/index.php\/wp-json\/wp\/v2\/media?parent=4536"}],"wp:term":[{"taxonomy":"category","embeddable":true,"href":"https:\/\/www.karamantoki.com\/index.php\/wp-json\/wp\/v2\/categories?post=4536"},{"taxonomy":"post_tag","embeddable":true,"href":"https:\/\/www.karamantoki.com\/index.php\/wp-json\/wp\/v2\/tags?post=4536"}],"curies":[{"name":"wp","href":"https:\/\/api.w.org\/{rel}","templated":true}]}}