{"id":4530,"date":"2026-01-06T18:03:34","date_gmt":"2026-01-06T18:03:34","guid":{"rendered":"https:\/\/www.karamantoki.com\/index.php\/2026\/01\/06\/bakan-isikhan-staj-bulamiyorum-mazeretini-ortadan-kaldiracagiz\/"},"modified":"2026-01-06T18:03:34","modified_gmt":"2026-01-06T18:03:34","slug":"bakan-isikhan-staj-bulamiyorum-mazeretini-ortadan-kaldiracagiz","status":"publish","type":"post","link":"https:\/\/www.karamantoki.com\/index.php\/2026\/01\/06\/bakan-isikhan-staj-bulamiyorum-mazeretini-ortadan-kaldiracagiz\/","title":{"rendered":"Bakan I\u015f\u0131khan: &#8220;Staj bulam\u0131yorum mazeretini ortadan kald\u0131raca\u011f\u0131z&#8221;"},"content":{"rendered":"<p><img decoding=\"async\" src=\"https:\/\/iaahbr.tmgrup.com.tr\/573b3e\/1200\/675\/0\/0\/1500\/843?u=https:\/\/iahbr.tmgrup.com.tr\/2026\/01\/06\/bakan-isikhan-staj-bulamiyorum-mazeretini-ortadan-kaldiracagiz-1767718797490.jpeg\" alt=\"Bakan I\u015f\u0131khan: Staj bulam\u0131yorum mazeretini ortadan kald\u0131raca\u011f\u0131z\"><br \/>\u00c7al\u0131\u015fma ve Sosyal G\u00fcvenlik Bakan\u0131 Vedat I\u015f\u0131khan, en d\u00fc\u015f\u00fck emekli ayl\u0131\u011f\u0131n\u0131n art\u0131r\u0131lmas\u0131na y\u00f6nelik \u00e7al\u0131\u015fman\u0131n TBMM AK Parti Grubu taraf\u0131ndan y\u00fcr\u00fct\u00fcld\u00fc\u011f\u00fcn\u00fc ve d\u00fczenlemenin Meclis\u2019te yasala\u015ft\u0131ktan sonra kamuoyuna&#8230;<a href=\"https:\/\/www.ahaber.com.tr\/ekonomi\/2026\/01\/06\/bakan-isikhan-staj-bulamiyorum-mazeretini-ortadan-kaldiracagiz\">Devam\u0131 i\u00e7in t\u0131klay\u0131n\u0131z<\/a><\/p>\n","protected":false},"excerpt":{"rendered":"<p>\u00c7al\u0131\u015fma ve Sosyal G\u00fcvenlik Bakan\u0131 Vedat I\u015f\u0131khan, en d\u00fc\u015f\u00fck emekli ayl\u0131\u011f\u0131n\u0131n art\u0131r\u0131lmas\u0131na y\u00f6nelik \u00e7al\u0131\u015fman\u0131n TBMM AK Parti Grubu taraf\u0131ndan y\u00fcr\u00fct\u00fcld\u00fc\u011f\u00fcn\u00fc ve d\u00fczenlemenin Meclis\u2019te yasala\u015ft\u0131ktan sonra kamuoyuna&#8230;Devam\u0131 i\u00e7in t\u0131klay\u0131n\u0131z<\/p>\n","protected":false},"author":1,"featured_media":0,"comment_status":"open","ping_status":"open","sticky":false,"template":"","format":"standard","meta":{"_joinchat":[],"footnotes":""},"categories":[32],"tags":[],"class_list":{"0":"post-4530","1":"post","2":"type-post","3":"status-publish","4":"format-standard","6":"category-ekonomi"},"_links":{"self":[{"href":"https:\/\/www.karamantoki.com\/index.php\/wp-json\/wp\/v2\/posts\/4530","targetHints":{"allow":["GET"]}}],"collection":[{"href":"https:\/\/www.karamantoki.com\/index.php\/wp-json\/wp\/v2\/posts"}],"about":[{"href":"https:\/\/www.karamantoki.com\/index.php\/wp-json\/wp\/v2\/types\/post"}],"author":[{"embeddable":true,"href":"https:\/\/www.karamantoki.com\/index.php\/wp-json\/wp\/v2\/users\/1"}],"replies":[{"embeddable":true,"href":"https:\/\/www.karamantoki.com\/index.php\/wp-json\/wp\/v2\/comments?post=4530"}],"version-history":[{"count":0,"href":"https:\/\/www.karamantoki.com\/index.php\/wp-json\/wp\/v2\/posts\/4530\/revisions"}],"wp:attachment":[{"href":"https:\/\/www.karamantoki.com\/index.php\/wp-json\/wp\/v2\/media?parent=4530"}],"wp:term":[{"taxonomy":"category","embeddable":true,"href":"https:\/\/www.karamantoki.com\/index.php\/wp-json\/wp\/v2\/categories?post=4530"},{"taxonomy":"post_tag","embeddable":true,"href":"https:\/\/www.karamantoki.com\/index.php\/wp-json\/wp\/v2\/tags?post=4530"}],"curies":[{"name":"wp","href":"https:\/\/api.w.org\/{rel}","templated":true}]}}