{"id":4527,"date":"2026-01-06T15:03:29","date_gmt":"2026-01-06T15:03:29","guid":{"rendered":"https:\/\/www.karamantoki.com\/index.php\/2026\/01\/06\/en-dusuk-emekli-ayligi-icin-toplanti-tarihi-belli-oldu-bakan-isikhandan-aciklama\/"},"modified":"2026-01-06T15:03:29","modified_gmt":"2026-01-06T15:03:29","slug":"en-dusuk-emekli-ayligi-icin-toplanti-tarihi-belli-oldu-bakan-isikhandan-aciklama","status":"publish","type":"post","link":"https:\/\/www.karamantoki.com\/index.php\/2026\/01\/06\/en-dusuk-emekli-ayligi-icin-toplanti-tarihi-belli-oldu-bakan-isikhandan-aciklama\/","title":{"rendered":"En d\u00fc\u015f\u00fck emekli ayl\u0131\u011f\u0131 i\u00e7in toplant\u0131 tarihi belli oldu! Bakan I\u015f\u0131khan&#8217;dan a\u00e7\u0131klama"},"content":{"rendered":"<p><img decoding=\"async\" src=\"https:\/\/iaahbr.tmgrup.com.tr\/cf48b1\/1200\/675\/0\/0\/600\/337?u=https:\/\/iahbr.tmgrup.com.tr\/2026\/01\/06\/son-dakika-en-dusuk-emekli-ayligi-icin-toplanti-1767709509595.jpg\" alt=\"En d\u00fc\u015f\u00fck emekli ayl\u0131\u011f\u0131 i\u00e7in toplant\u0131 tarihi belli oldu! Bakan I\u015f\u0131khan'dan a\u00e7\u0131klama\"><br \/>En d\u00fc\u015f\u00fck emekli ayl\u0131\u011f\u0131 i\u00e7in Cevdet Y\u0131lmaz, Mehmet \u015eim\u015fek, Vedat I\u015f\u0131khan ve Abdullah G\u00fcler yar\u0131n ya da per\u015fembe g\u00fcn\u00fc bir toplant\u0131 ger\u00e7ekle\u015ftirecek. Toplant\u0131da etki analizleri ve b\u00fct\u00e7e kar\u015f\u0131l\u0131\u011f\u0131 de\u011ferlendirilecek&#8230;.<a href=\"https:\/\/www.ahaber.com.tr\/ekonomi\/2026\/01\/06\/son-dakika-en-dusuk-emekli-ayligi-icin-toplanti\">Devam\u0131 i\u00e7in t\u0131klay\u0131n\u0131z<\/a><\/p>\n","protected":false},"excerpt":{"rendered":"<p>En d\u00fc\u015f\u00fck emekli ayl\u0131\u011f\u0131 i\u00e7in Cevdet Y\u0131lmaz, Mehmet \u015eim\u015fek, Vedat I\u015f\u0131khan ve Abdullah G\u00fcler yar\u0131n ya da per\u015fembe g\u00fcn\u00fc bir toplant\u0131 ger\u00e7ekle\u015ftirecek. Toplant\u0131da etki analizleri ve b\u00fct\u00e7e kar\u015f\u0131l\u0131\u011f\u0131 de\u011ferlendirilecek&#8230;.Devam\u0131 i\u00e7in t\u0131klay\u0131n\u0131z<\/p>\n","protected":false},"author":1,"featured_media":0,"comment_status":"open","ping_status":"open","sticky":false,"template":"","format":"standard","meta":{"_joinchat":[],"footnotes":""},"categories":[32],"tags":[],"class_list":{"0":"post-4527","1":"post","2":"type-post","3":"status-publish","4":"format-standard","6":"category-ekonomi"},"_links":{"self":[{"href":"https:\/\/www.karamantoki.com\/index.php\/wp-json\/wp\/v2\/posts\/4527","targetHints":{"allow":["GET"]}}],"collection":[{"href":"https:\/\/www.karamantoki.com\/index.php\/wp-json\/wp\/v2\/posts"}],"about":[{"href":"https:\/\/www.karamantoki.com\/index.php\/wp-json\/wp\/v2\/types\/post"}],"author":[{"embeddable":true,"href":"https:\/\/www.karamantoki.com\/index.php\/wp-json\/wp\/v2\/users\/1"}],"replies":[{"embeddable":true,"href":"https:\/\/www.karamantoki.com\/index.php\/wp-json\/wp\/v2\/comments?post=4527"}],"version-history":[{"count":0,"href":"https:\/\/www.karamantoki.com\/index.php\/wp-json\/wp\/v2\/posts\/4527\/revisions"}],"wp:attachment":[{"href":"https:\/\/www.karamantoki.com\/index.php\/wp-json\/wp\/v2\/media?parent=4527"}],"wp:term":[{"taxonomy":"category","embeddable":true,"href":"https:\/\/www.karamantoki.com\/index.php\/wp-json\/wp\/v2\/categories?post=4527"},{"taxonomy":"post_tag","embeddable":true,"href":"https:\/\/www.karamantoki.com\/index.php\/wp-json\/wp\/v2\/tags?post=4527"}],"curies":[{"name":"wp","href":"https:\/\/api.w.org\/{rel}","templated":true}]}}