{"id":4474,"date":"2026-01-04T23:03:45","date_gmt":"2026-01-04T23:03:45","guid":{"rendered":"https:\/\/www.karamantoki.com\/index.php\/2026\/01\/04\/gain-sorusturmasinda-gelisme-sirketin-eski-ortagindan-carpici-ifade-paralar-bana-nakit-olarak-gelirdi\/"},"modified":"2026-01-04T23:03:45","modified_gmt":"2026-01-04T23:03:45","slug":"gain-sorusturmasinda-gelisme-sirketin-eski-ortagindan-carpici-ifade-paralar-bana-nakit-olarak-gelirdi","status":"publish","type":"post","link":"https:\/\/www.karamantoki.com\/index.php\/2026\/01\/04\/gain-sorusturmasinda-gelisme-sirketin-eski-ortagindan-carpici-ifade-paralar-bana-nakit-olarak-gelirdi\/","title":{"rendered":"GA\u0130N soru\u015fturmas\u0131nda geli\u015fme! \u015eirketin eski orta\u011f\u0131ndan \u00e7arp\u0131c\u0131 ifade: Paralar bana nakit olarak gelirdi"},"content":{"rendered":"<p><img decoding=\"async\" src=\"https:\/\/iaahbr.tmgrup.com.tr\/bb0dd1\/1200\/675\/0\/123\/1502\/968?u=https:\/\/iahbr.tmgrup.com.tr\/2026\/01\/04\/gain-sorusturmasinda-gelisme-sirketin-eski-ortagindan-carpici-ifadeler-paralar-bana-nakit-olarak-gelirdi-1767557421856.jpg\" alt=\"GA\u0130N soru\u015fturmas\u0131nda geli\u015fme! \u015eirketin eski orta\u011f\u0131ndan \u00e7arp\u0131c\u0131 ifade: Paralar bana nakit olarak gelirdi\"><br \/>\u0130stanbul Cumhuriyet Ba\u015fsavc\u0131l\u0131\u011f\u0131&#8217;nca y\u00fcr\u00fct\u00fclen GA\u0130N soru\u015fturmas\u0131nda dava s\u00fcreci devam ediyor.  Bu kapsamda \u015firketin eski orta\u011f\u0131 Berkin Kaya ile Anahat Holding&#8217;in sahibi Selahattin Ayd\u0131n&#8217;\u0131n savc\u0131l\u0131k ifadeleri&#8230;<a href=\"https:\/\/www.ahaber.com.tr\/ekonomi\/2026\/01\/04\/gain-sorusturmasinda-gelisme-sirketin-eski-ortagindan-carpici-ifade-paralar-bana-nakit-olarak-gelirdi\">Devam\u0131 i\u00e7in t\u0131klay\u0131n\u0131z<\/a><\/p>\n","protected":false},"excerpt":{"rendered":"<p>\u0130stanbul Cumhuriyet Ba\u015fsavc\u0131l\u0131\u011f\u0131&#8217;nca y\u00fcr\u00fct\u00fclen GA\u0130N soru\u015fturmas\u0131nda dava s\u00fcreci devam ediyor. Bu kapsamda \u015firketin eski orta\u011f\u0131 Berkin Kaya ile Anahat Holding&#8217;in sahibi Selahattin Ayd\u0131n&#8217;\u0131n savc\u0131l\u0131k ifadeleri&#8230;Devam\u0131 i\u00e7in t\u0131klay\u0131n\u0131z<\/p>\n","protected":false},"author":1,"featured_media":0,"comment_status":"open","ping_status":"open","sticky":false,"template":"","format":"standard","meta":{"_joinchat":[],"footnotes":""},"categories":[32],"tags":[],"class_list":{"0":"post-4474","1":"post","2":"type-post","3":"status-publish","4":"format-standard","6":"category-ekonomi"},"_links":{"self":[{"href":"https:\/\/www.karamantoki.com\/index.php\/wp-json\/wp\/v2\/posts\/4474","targetHints":{"allow":["GET"]}}],"collection":[{"href":"https:\/\/www.karamantoki.com\/index.php\/wp-json\/wp\/v2\/posts"}],"about":[{"href":"https:\/\/www.karamantoki.com\/index.php\/wp-json\/wp\/v2\/types\/post"}],"author":[{"embeddable":true,"href":"https:\/\/www.karamantoki.com\/index.php\/wp-json\/wp\/v2\/users\/1"}],"replies":[{"embeddable":true,"href":"https:\/\/www.karamantoki.com\/index.php\/wp-json\/wp\/v2\/comments?post=4474"}],"version-history":[{"count":0,"href":"https:\/\/www.karamantoki.com\/index.php\/wp-json\/wp\/v2\/posts\/4474\/revisions"}],"wp:attachment":[{"href":"https:\/\/www.karamantoki.com\/index.php\/wp-json\/wp\/v2\/media?parent=4474"}],"wp:term":[{"taxonomy":"category","embeddable":true,"href":"https:\/\/www.karamantoki.com\/index.php\/wp-json\/wp\/v2\/categories?post=4474"},{"taxonomy":"post_tag","embeddable":true,"href":"https:\/\/www.karamantoki.com\/index.php\/wp-json\/wp\/v2\/tags?post=4474"}],"curies":[{"name":"wp","href":"https:\/\/api.w.org\/{rel}","templated":true}]}}