{"id":4464,"date":"2026-01-04T22:50:34","date_gmt":"2026-01-04T22:50:34","guid":{"rendered":"https:\/\/www.karamantoki.com\/index.php\/2026\/01\/04\/gullunun-oglundan-zehir-zemberek-aciklama-ablamla-tum-iletisimimi-kestim-artik-ona-inanmiyorum\/"},"modified":"2026-01-04T22:50:34","modified_gmt":"2026-01-04T22:50:34","slug":"gullunun-oglundan-zehir-zemberek-aciklama-ablamla-tum-iletisimimi-kestim-artik-ona-inanmiyorum","status":"publish","type":"post","link":"https:\/\/www.karamantoki.com\/index.php\/2026\/01\/04\/gullunun-oglundan-zehir-zemberek-aciklama-ablamla-tum-iletisimimi-kestim-artik-ona-inanmiyorum\/","title":{"rendered":"G\u00fcll\u00fc&apos;n\u00fcn o\u011flundan zehir zemberek a\u00e7\u0131klama: Ablamla t\u00fcm ileti\u015fimimi kestim, art\u0131k ona inanm\u0131yorum!&quot;"},"content":{"rendered":"<p>\u015eark\u0131c\u0131 G\u00fcll\u00fc&#8217;n\u00fcn \u015f\u00fcpheli vefat\u0131 sonras\u0131 sessizli\u011fini bozan o\u011flu Tu\u011fberk Ya\u011f\u0131z G\u00fclter, sosyal medya hesab\u0131ndan &#8220;Bitti&#8221; payla\u015f\u0131m\u0131 yaparak saat vermi\u015f, kamuoyuna duyurusu olaca\u011f\u0131n\u0131 belirtmi\u015fti. G\u00fclter beklenen a\u00e7\u0131klamay\u0131 yapt\u0131 ve  &#8220;Ablam\u0131n &#8216;ben yapmad\u0131m&#8217; y\u00f6n\u00fcndeki beyan\u0131 nezdimde inand\u0131r\u0131c\u0131l\u0131\u011f\u0131n\u0131 yitirmi\u015ftir. Bu saatten itibaren kendisiyle t\u00fcm ileti\u015fimimi kesti\u011fimi kamuoyuna bildiririm&#8221; diyerek ailesindeki iplerin tamamen koptu\u011funu duyurdu.<\/p>\n","protected":false},"excerpt":{"rendered":"<p>\u015eark\u0131c\u0131 G\u00fcll\u00fc&#8217;n\u00fcn \u015f\u00fcpheli vefat\u0131 sonras\u0131 sessizli\u011fini bozan o\u011flu Tu\u011fberk Ya\u011f\u0131z G\u00fclter, sosyal medya hesab\u0131ndan &#8220;Bitti&#8221; payla\u015f\u0131m\u0131 yaparak saat vermi\u015f, kamuoyuna duyurusu olaca\u011f\u0131n\u0131 belirtmi\u015fti. G\u00fclter beklenen a\u00e7\u0131klamay\u0131 yapt\u0131 ve &#8220;Ablam\u0131n &#8216;ben yapmad\u0131m&#8217; y\u00f6n\u00fcndeki beyan\u0131 nezdimde inand\u0131r\u0131c\u0131l\u0131\u011f\u0131n\u0131 yitirmi\u015ftir. Bu saatten itibaren kendisiyle t\u00fcm ileti\u015fimimi kesti\u011fimi kamuoyuna bildiririm&#8221; diyerek ailesindeki iplerin tamamen koptu\u011funu duyurdu.<\/p>\n","protected":false},"author":1,"featured_media":0,"comment_status":"open","ping_status":"open","sticky":false,"template":"","format":"standard","meta":{"_joinchat":[],"footnotes":""},"categories":[1],"tags":[],"class_list":{"0":"post-4464","1":"post","2":"type-post","3":"status-publish","4":"format-standard","6":"category-toki"},"_links":{"self":[{"href":"https:\/\/www.karamantoki.com\/index.php\/wp-json\/wp\/v2\/posts\/4464","targetHints":{"allow":["GET"]}}],"collection":[{"href":"https:\/\/www.karamantoki.com\/index.php\/wp-json\/wp\/v2\/posts"}],"about":[{"href":"https:\/\/www.karamantoki.com\/index.php\/wp-json\/wp\/v2\/types\/post"}],"author":[{"embeddable":true,"href":"https:\/\/www.karamantoki.com\/index.php\/wp-json\/wp\/v2\/users\/1"}],"replies":[{"embeddable":true,"href":"https:\/\/www.karamantoki.com\/index.php\/wp-json\/wp\/v2\/comments?post=4464"}],"version-history":[{"count":0,"href":"https:\/\/www.karamantoki.com\/index.php\/wp-json\/wp\/v2\/posts\/4464\/revisions"}],"wp:attachment":[{"href":"https:\/\/www.karamantoki.com\/index.php\/wp-json\/wp\/v2\/media?parent=4464"}],"wp:term":[{"taxonomy":"category","embeddable":true,"href":"https:\/\/www.karamantoki.com\/index.php\/wp-json\/wp\/v2\/categories?post=4464"},{"taxonomy":"post_tag","embeddable":true,"href":"https:\/\/www.karamantoki.com\/index.php\/wp-json\/wp\/v2\/tags?post=4464"}],"curies":[{"name":"wp","href":"https:\/\/api.w.org\/{rel}","templated":true}]}}