{"id":4463,"date":"2026-01-04T21:50:28","date_gmt":"2026-01-04T21:50:28","guid":{"rendered":"https:\/\/www.karamantoki.com\/index.php\/2026\/01\/04\/gronland-basbakani-nielsen-korku-ve-endiseye-gerek-yok\/"},"modified":"2026-01-04T21:50:28","modified_gmt":"2026-01-04T21:50:28","slug":"gronland-basbakani-nielsen-korku-ve-endiseye-gerek-yok","status":"publish","type":"post","link":"https:\/\/www.karamantoki.com\/index.php\/2026\/01\/04\/gronland-basbakani-nielsen-korku-ve-endiseye-gerek-yok\/","title":{"rendered":"Gr\u00f6nland Ba\u015fbakan\u0131 Nielsen: &quot;Korku ve endi\u015feye gerek yok&quot;"},"content":{"rendered":"<p>Gr\u00f6nland Ba\u015fbakan\u0131 Jens-Frederik Nielsen, sosyal medya \u00fczerinden yap\u0131lan Gr\u00f6nland&#8217;\u0131n ABD bayra\u011f\u0131yla payla\u015f\u0131m\u0131na yan\u0131t vererek, korku ve endi\u015feye gerek olmad\u0131\u011f\u0131n\u0131 belirtti. Nielsen, Gr\u00f6nland&#8217;\u0131n sat\u0131l\u0131k olmad\u0131\u011f\u0131n\u0131 vurgulad\u0131 ve \u00fclkeler aras\u0131ndaki ili\u015fkilerin sayg\u0131 ve uluslararas\u0131 hukuk \u00e7er\u00e7evesinde olmas\u0131 gerekti\u011fini ifade etti.<\/p>\n","protected":false},"excerpt":{"rendered":"<p>Gr\u00f6nland Ba\u015fbakan\u0131 Jens-Frederik Nielsen, sosyal medya \u00fczerinden yap\u0131lan Gr\u00f6nland&#8217;\u0131n ABD bayra\u011f\u0131yla payla\u015f\u0131m\u0131na yan\u0131t vererek, korku ve endi\u015feye gerek olmad\u0131\u011f\u0131n\u0131 belirtti. Nielsen, Gr\u00f6nland&#8217;\u0131n sat\u0131l\u0131k olmad\u0131\u011f\u0131n\u0131 vurgulad\u0131 ve \u00fclkeler aras\u0131ndaki ili\u015fkilerin sayg\u0131 ve uluslararas\u0131 hukuk \u00e7er\u00e7evesinde olmas\u0131 gerekti\u011fini ifade etti.<\/p>\n","protected":false},"author":1,"featured_media":0,"comment_status":"open","ping_status":"open","sticky":false,"template":"","format":"standard","meta":{"_joinchat":[],"footnotes":""},"categories":[1],"tags":[],"class_list":{"0":"post-4463","1":"post","2":"type-post","3":"status-publish","4":"format-standard","6":"category-toki"},"_links":{"self":[{"href":"https:\/\/www.karamantoki.com\/index.php\/wp-json\/wp\/v2\/posts\/4463","targetHints":{"allow":["GET"]}}],"collection":[{"href":"https:\/\/www.karamantoki.com\/index.php\/wp-json\/wp\/v2\/posts"}],"about":[{"href":"https:\/\/www.karamantoki.com\/index.php\/wp-json\/wp\/v2\/types\/post"}],"author":[{"embeddable":true,"href":"https:\/\/www.karamantoki.com\/index.php\/wp-json\/wp\/v2\/users\/1"}],"replies":[{"embeddable":true,"href":"https:\/\/www.karamantoki.com\/index.php\/wp-json\/wp\/v2\/comments?post=4463"}],"version-history":[{"count":0,"href":"https:\/\/www.karamantoki.com\/index.php\/wp-json\/wp\/v2\/posts\/4463\/revisions"}],"wp:attachment":[{"href":"https:\/\/www.karamantoki.com\/index.php\/wp-json\/wp\/v2\/media?parent=4463"}],"wp:term":[{"taxonomy":"category","embeddable":true,"href":"https:\/\/www.karamantoki.com\/index.php\/wp-json\/wp\/v2\/categories?post=4463"},{"taxonomy":"post_tag","embeddable":true,"href":"https:\/\/www.karamantoki.com\/index.php\/wp-json\/wp\/v2\/tags?post=4463"}],"curies":[{"name":"wp","href":"https:\/\/api.w.org\/{rel}","templated":true}]}}