{"id":4394,"date":"2026-01-04T11:51:09","date_gmt":"2026-01-04T11:51:09","guid":{"rendered":"https:\/\/www.karamantoki.com\/index.php\/2026\/01\/04\/instagram-coktu-mu-instagram-neden-acilmiyor-4-ocak-pazar-instagramda-sorun-mu-var-neden-yuklenmiyor\/"},"modified":"2026-01-04T11:51:09","modified_gmt":"2026-01-04T11:51:09","slug":"instagram-coktu-mu-instagram-neden-acilmiyor-4-ocak-pazar-instagramda-sorun-mu-var-neden-yuklenmiyor","status":"publish","type":"post","link":"https:\/\/www.karamantoki.com\/index.php\/2026\/01\/04\/instagram-coktu-mu-instagram-neden-acilmiyor-4-ocak-pazar-instagramda-sorun-mu-var-neden-yuklenmiyor\/","title":{"rendered":"\u0130nstagram \u00e7\u00f6kt\u00fc m\u00fc? \u0130nstagram neden a\u00e7\u0131lm\u0131yor? 4 Ocak Pazar \u0130nstagram&apos;da sorun mu var, neden y\u00fcklenmiyor?"},"content":{"rendered":"<p>D\u00fcnyada milyonlarca kullan\u0131c\u0131ya sahip olan Instagram&#8217;da, zaman zaman teknik nedenler veya yo\u011funluk kaynakl\u0131 eri\u015fim sorunlar\u0131 ya\u015fanabiliyor. 4 Ocak Pazar g\u00fcn\u00fc hesab\u0131na giri\u015fte sorun ya\u015fayan kullan\u0131c\u0131lar, kar\u015f\u0131la\u015f\u0131lan durumun genel bir kesinti mi yoksa ki\u015fisel bir problem mi oldu\u011funu sorgulamaya ba\u015flad\u0131. Peki, \u0130nstagram \u00e7\u00f6kt\u00fc m\u00fc? \u0130nstagram neden a\u00e7\u0131lm\u0131yor? 4 Ocak Pazar \u0130nstagram&#8217;da sorun mu var, neden y\u00fcklenmiyor?<\/p>\n","protected":false},"excerpt":{"rendered":"<p>D\u00fcnyada milyonlarca kullan\u0131c\u0131ya sahip olan Instagram&#8217;da, zaman zaman teknik nedenler veya yo\u011funluk kaynakl\u0131 eri\u015fim sorunlar\u0131 ya\u015fanabiliyor. 4 Ocak Pazar g\u00fcn\u00fc hesab\u0131na giri\u015fte sorun ya\u015fayan kullan\u0131c\u0131lar, kar\u015f\u0131la\u015f\u0131lan durumun genel bir kesinti mi yoksa ki\u015fisel bir problem mi oldu\u011funu sorgulamaya ba\u015flad\u0131. Peki, \u0130nstagram \u00e7\u00f6kt\u00fc m\u00fc? \u0130nstagram neden a\u00e7\u0131lm\u0131yor? 4 Ocak Pazar \u0130nstagram&#8217;da sorun mu var, neden y\u00fcklenmiyor?<\/p>\n","protected":false},"author":1,"featured_media":0,"comment_status":"open","ping_status":"open","sticky":false,"template":"","format":"standard","meta":{"_joinchat":[],"footnotes":""},"categories":[1],"tags":[],"class_list":{"0":"post-4394","1":"post","2":"type-post","3":"status-publish","4":"format-standard","6":"category-toki"},"_links":{"self":[{"href":"https:\/\/www.karamantoki.com\/index.php\/wp-json\/wp\/v2\/posts\/4394","targetHints":{"allow":["GET"]}}],"collection":[{"href":"https:\/\/www.karamantoki.com\/index.php\/wp-json\/wp\/v2\/posts"}],"about":[{"href":"https:\/\/www.karamantoki.com\/index.php\/wp-json\/wp\/v2\/types\/post"}],"author":[{"embeddable":true,"href":"https:\/\/www.karamantoki.com\/index.php\/wp-json\/wp\/v2\/users\/1"}],"replies":[{"embeddable":true,"href":"https:\/\/www.karamantoki.com\/index.php\/wp-json\/wp\/v2\/comments?post=4394"}],"version-history":[{"count":0,"href":"https:\/\/www.karamantoki.com\/index.php\/wp-json\/wp\/v2\/posts\/4394\/revisions"}],"wp:attachment":[{"href":"https:\/\/www.karamantoki.com\/index.php\/wp-json\/wp\/v2\/media?parent=4394"}],"wp:term":[{"taxonomy":"category","embeddable":true,"href":"https:\/\/www.karamantoki.com\/index.php\/wp-json\/wp\/v2\/categories?post=4394"},{"taxonomy":"post_tag","embeddable":true,"href":"https:\/\/www.karamantoki.com\/index.php\/wp-json\/wp\/v2\/tags?post=4394"}],"curies":[{"name":"wp","href":"https:\/\/api.w.org\/{rel}","templated":true}]}}