{"id":4314,"date":"2025-12-30T08:51:02","date_gmt":"2025-12-30T08:51:02","guid":{"rendered":"https:\/\/www.karamantoki.com\/index.php\/2025\/12\/30\/toki-kura-cekimi-ertelendi-mi-toki-hakkari-ve-sirnak-kura-cekimi-neden-ertelendi-hakkari-ve-sirnak-toki-kura-ne-zaman\/"},"modified":"2025-12-30T08:51:02","modified_gmt":"2025-12-30T08:51:02","slug":"toki-kura-cekimi-ertelendi-mi-toki-hakkari-ve-sirnak-kura-cekimi-neden-ertelendi-hakkari-ve-sirnak-toki-kura-ne-zaman","status":"publish","type":"post","link":"https:\/\/www.karamantoki.com\/index.php\/2025\/12\/30\/toki-kura-cekimi-ertelendi-mi-toki-hakkari-ve-sirnak-kura-cekimi-neden-ertelendi-hakkari-ve-sirnak-toki-kura-ne-zaman\/","title":{"rendered":"TOK\u0130 kura \u00e7ekimi ertelendi mi? TOK\u0130 Hakkari ve \u015e\u0131rnak kura \u00e7ekimi neden ertelendi? Hakkari ve \u015e\u0131rnak TOK\u0130 kura ne zaman?"},"content":{"rendered":"<p>TOK\u0130&#8217;nin hayata ge\u00e7irdi\u011fi Y\u00fczy\u0131l\u0131n Konut Projesi kapsam\u0131nda \u015e\u0131rnak ve Hakkari&#8217;de yap\u0131lacak sosyal konut kura \u00e7ekimleri, binlerce vatanda\u015f taraf\u0131ndan b\u00fcy\u00fck bir merakla bekleniyor. Ancak bug\u00fcn planlanan \u015e\u0131rnak TOK\u0130 kura \u00e7ekimi, hava muhalefeti nedeniyle ba\u015flamad\u0131. Peki, TOK\u0130 kura \u00e7ekimi ertelendi mi? TOK\u0130 Hakkari ve \u015e\u0131rnak kura \u00e7ekimi neden ertelendi? Hakkari ve \u015e\u0131rnak TOK\u0130 kura ne zaman? Hakkari ve \u015e\u0131rnak TOK\u0130 kura tarihleri haberimizde!<\/p>\n","protected":false},"excerpt":{"rendered":"<p>TOK\u0130&#8217;nin hayata ge\u00e7irdi\u011fi Y\u00fczy\u0131l\u0131n Konut Projesi kapsam\u0131nda \u015e\u0131rnak ve Hakkari&#8217;de yap\u0131lacak sosyal konut kura \u00e7ekimleri, binlerce vatanda\u015f taraf\u0131ndan b\u00fcy\u00fck bir merakla bekleniyor. Ancak bug\u00fcn planlanan \u015e\u0131rnak TOK\u0130 kura \u00e7ekimi, hava muhalefeti nedeniyle ba\u015flamad\u0131. Peki, TOK\u0130 kura \u00e7ekimi ertelendi mi? TOK\u0130 Hakkari ve \u015e\u0131rnak kura \u00e7ekimi neden ertelendi? Hakkari ve \u015e\u0131rnak TOK\u0130 kura ne zaman? Hakkari [&hellip;]<\/p>\n","protected":false},"author":1,"featured_media":0,"comment_status":"open","ping_status":"open","sticky":false,"template":"","format":"standard","meta":{"_joinchat":[],"footnotes":""},"categories":[1],"tags":[],"class_list":{"0":"post-4314","1":"post","2":"type-post","3":"status-publish","4":"format-standard","6":"category-toki"},"_links":{"self":[{"href":"https:\/\/www.karamantoki.com\/index.php\/wp-json\/wp\/v2\/posts\/4314","targetHints":{"allow":["GET"]}}],"collection":[{"href":"https:\/\/www.karamantoki.com\/index.php\/wp-json\/wp\/v2\/posts"}],"about":[{"href":"https:\/\/www.karamantoki.com\/index.php\/wp-json\/wp\/v2\/types\/post"}],"author":[{"embeddable":true,"href":"https:\/\/www.karamantoki.com\/index.php\/wp-json\/wp\/v2\/users\/1"}],"replies":[{"embeddable":true,"href":"https:\/\/www.karamantoki.com\/index.php\/wp-json\/wp\/v2\/comments?post=4314"}],"version-history":[{"count":0,"href":"https:\/\/www.karamantoki.com\/index.php\/wp-json\/wp\/v2\/posts\/4314\/revisions"}],"wp:attachment":[{"href":"https:\/\/www.karamantoki.com\/index.php\/wp-json\/wp\/v2\/media?parent=4314"}],"wp:term":[{"taxonomy":"category","embeddable":true,"href":"https:\/\/www.karamantoki.com\/index.php\/wp-json\/wp\/v2\/categories?post=4314"},{"taxonomy":"post_tag","embeddable":true,"href":"https:\/\/www.karamantoki.com\/index.php\/wp-json\/wp\/v2\/tags?post=4314"}],"curies":[{"name":"wp","href":"https:\/\/api.w.org\/{rel}","templated":true}]}}