{"id":4313,"date":"2025-12-30T07:50:12","date_gmt":"2025-12-30T07:50:12","guid":{"rendered":"https:\/\/www.karamantoki.com\/index.php\/2025\/12\/30\/toki-500-bin-konut-kura-takvimi-30-aralik-toki-sosyal-konut-projesi-sirnak-ve-hakkari-kura-cekimi-ne-zaman-saat-kacta\/"},"modified":"2025-12-30T07:50:12","modified_gmt":"2025-12-30T07:50:12","slug":"toki-500-bin-konut-kura-takvimi-30-aralik-toki-sosyal-konut-projesi-sirnak-ve-hakkari-kura-cekimi-ne-zaman-saat-kacta","status":"publish","type":"post","link":"https:\/\/www.karamantoki.com\/index.php\/2025\/12\/30\/toki-500-bin-konut-kura-takvimi-30-aralik-toki-sosyal-konut-projesi-sirnak-ve-hakkari-kura-cekimi-ne-zaman-saat-kacta\/","title":{"rendered":"TOK\u0130 500 bin konut kura takvimi: 30 Aral\u0131k TOK\u0130 sosyal konut projesi \u015e\u0131rnak ve Hakkari kura \u00e7ekimi ne zaman, saat ka\u00e7ta?"},"content":{"rendered":"<p>T\u00fcrkiye genelinde dar gelirli vatanda\u015flar\u0131 uygun ko\u015fullarda ev sahibi yapmay\u0131 hedefleyen TOK\u0130 500 Bin Konut Projesi, &#8220;Y\u00fczy\u0131l\u0131n Konut Projesi&#8221; olarak tarihe ge\u00e7meye haz\u0131rlan\u0131yor. \u00c7evre, \u015eehircilik ve \u0130klim De\u011fi\u015fikli\u011fi Bakanl\u0131\u011f\u0131&#8217;n\u0131n y\u00fcr\u00fctt\u00fc\u011f\u00fc proje kapsam\u0131nda, 81 ilde sosyal konutlar in\u015fa edilecek ve hak sahipleri noter huzurunda yap\u0131lacak kura \u00e7ekimleri ile belirlenecek. Peki, 30 Aral\u0131k TOK\u0130 sosyal konut projesi \u015e\u0131rnak ve Hakkari kura \u00e7ekimi ne zaman, saat ka\u00e7ta? TOK\u0130 konut kura takvimi! Detaylar<\/p>\n","protected":false},"excerpt":{"rendered":"<p>T\u00fcrkiye genelinde dar gelirli vatanda\u015flar\u0131 uygun ko\u015fullarda ev sahibi yapmay\u0131 hedefleyen TOK\u0130 500 Bin Konut Projesi, &#8220;Y\u00fczy\u0131l\u0131n Konut Projesi&#8221; olarak tarihe ge\u00e7meye haz\u0131rlan\u0131yor. \u00c7evre, \u015eehircilik ve \u0130klim De\u011fi\u015fikli\u011fi Bakanl\u0131\u011f\u0131&#8217;n\u0131n y\u00fcr\u00fctt\u00fc\u011f\u00fc proje kapsam\u0131nda, 81 ilde sosyal konutlar in\u015fa edilecek ve hak sahipleri noter huzurunda yap\u0131lacak kura \u00e7ekimleri ile belirlenecek. Peki, 30 Aral\u0131k TOK\u0130 sosyal konut projesi [&hellip;]<\/p>\n","protected":false},"author":1,"featured_media":0,"comment_status":"open","ping_status":"open","sticky":false,"template":"","format":"standard","meta":{"_joinchat":[],"footnotes":""},"categories":[1],"tags":[],"class_list":{"0":"post-4313","1":"post","2":"type-post","3":"status-publish","4":"format-standard","6":"category-toki"},"_links":{"self":[{"href":"https:\/\/www.karamantoki.com\/index.php\/wp-json\/wp\/v2\/posts\/4313","targetHints":{"allow":["GET"]}}],"collection":[{"href":"https:\/\/www.karamantoki.com\/index.php\/wp-json\/wp\/v2\/posts"}],"about":[{"href":"https:\/\/www.karamantoki.com\/index.php\/wp-json\/wp\/v2\/types\/post"}],"author":[{"embeddable":true,"href":"https:\/\/www.karamantoki.com\/index.php\/wp-json\/wp\/v2\/users\/1"}],"replies":[{"embeddable":true,"href":"https:\/\/www.karamantoki.com\/index.php\/wp-json\/wp\/v2\/comments?post=4313"}],"version-history":[{"count":0,"href":"https:\/\/www.karamantoki.com\/index.php\/wp-json\/wp\/v2\/posts\/4313\/revisions"}],"wp:attachment":[{"href":"https:\/\/www.karamantoki.com\/index.php\/wp-json\/wp\/v2\/media?parent=4313"}],"wp:term":[{"taxonomy":"category","embeddable":true,"href":"https:\/\/www.karamantoki.com\/index.php\/wp-json\/wp\/v2\/categories?post=4313"},{"taxonomy":"post_tag","embeddable":true,"href":"https:\/\/www.karamantoki.com\/index.php\/wp-json\/wp\/v2\/tags?post=4313"}],"curies":[{"name":"wp","href":"https:\/\/api.w.org\/{rel}","templated":true}]}}