{"id":4213,"date":"2025-12-26T10:50:42","date_gmt":"2025-12-26T10:50:42","guid":{"rendered":"https:\/\/www.karamantoki.com\/index.php\/2025\/12\/26\/emekli-zammi-son-dakika-2026-yeni-emekli-maasi-ne-kadar-ssk-bagkur-emekli-maasi-taban-tutari-artacak-mi-4a-4b-emekli-maaslari-yukselecek-mi\/"},"modified":"2025-12-26T10:50:42","modified_gmt":"2025-12-26T10:50:42","slug":"emekli-zammi-son-dakika-2026-yeni-emekli-maasi-ne-kadar-ssk-bagkur-emekli-maasi-taban-tutari-artacak-mi-4a-4b-emekli-maaslari-yukselecek-mi","status":"publish","type":"post","link":"https:\/\/www.karamantoki.com\/index.php\/2025\/12\/26\/emekli-zammi-son-dakika-2026-yeni-emekli-maasi-ne-kadar-ssk-bagkur-emekli-maasi-taban-tutari-artacak-mi-4a-4b-emekli-maaslari-yukselecek-mi\/","title":{"rendered":"EMEKL\u0130 ZAMMI SON DAK\u0130KA 2026: Yeni emekli maa\u015f\u0131 ne kadar? SSK, Ba\u011fkur emekli maa\u015f\u0131 (taban tutar\u0131) artacak m\u0131, 4A, 4B emekli maa\u015flar\u0131 y\u00fckselecek mi?"},"content":{"rendered":"<p>2026 y\u0131l\u0131na girerken emekli maa\u015flar\u0131na yap\u0131lacak zam milyonlarca vatanda\u015f\u0131n g\u00fcndeminde. SSK, Ba\u011f-Kur, Emekli Sand\u0131\u011f\u0131 ve tar\u0131m emeklileri, Ocak 2026 itibar\u0131yla ge\u00e7erli olacak yeni maa\u015f tutarlar\u0131n\u0131 merakla bekliyor. Yeni y\u0131l \u00f6ncesi, T\u00dc\u0130K&#8217;in a\u00e7\u0131klayaca\u011f\u0131 6 ayl\u0131k enflasyon fark\u0131, SSK ve Ba\u011f-Kur emeklilerinin alaca\u011f\u0131 zam oran\u0131n\u0131 belirleyecek. Peki, yeni emekli maa\u015f\u0131 ne kadar? SSK, Ba\u011fkur emekli maa\u015f\u0131 (taban tutar\u0131) artacak m\u0131, 4A, 4B emekli maa\u015flar\u0131 y\u00fckselecek mi? Detaylar haberimizde!<\/p>\n","protected":false},"excerpt":{"rendered":"<p>2026 y\u0131l\u0131na girerken emekli maa\u015flar\u0131na yap\u0131lacak zam milyonlarca vatanda\u015f\u0131n g\u00fcndeminde. SSK, Ba\u011f-Kur, Emekli Sand\u0131\u011f\u0131 ve tar\u0131m emeklileri, Ocak 2026 itibar\u0131yla ge\u00e7erli olacak yeni maa\u015f tutarlar\u0131n\u0131 merakla bekliyor. Yeni y\u0131l \u00f6ncesi, T\u00dc\u0130K&#8217;in a\u00e7\u0131klayaca\u011f\u0131 6 ayl\u0131k enflasyon fark\u0131, SSK ve Ba\u011f-Kur emeklilerinin alaca\u011f\u0131 zam oran\u0131n\u0131 belirleyecek. Peki, yeni emekli maa\u015f\u0131 ne kadar? SSK, Ba\u011fkur emekli maa\u015f\u0131 (taban [&hellip;]<\/p>\n","protected":false},"author":1,"featured_media":0,"comment_status":"open","ping_status":"open","sticky":false,"template":"","format":"standard","meta":{"_joinchat":[],"footnotes":""},"categories":[1],"tags":[],"class_list":{"0":"post-4213","1":"post","2":"type-post","3":"status-publish","4":"format-standard","6":"category-toki"},"_links":{"self":[{"href":"https:\/\/www.karamantoki.com\/index.php\/wp-json\/wp\/v2\/posts\/4213","targetHints":{"allow":["GET"]}}],"collection":[{"href":"https:\/\/www.karamantoki.com\/index.php\/wp-json\/wp\/v2\/posts"}],"about":[{"href":"https:\/\/www.karamantoki.com\/index.php\/wp-json\/wp\/v2\/types\/post"}],"author":[{"embeddable":true,"href":"https:\/\/www.karamantoki.com\/index.php\/wp-json\/wp\/v2\/users\/1"}],"replies":[{"embeddable":true,"href":"https:\/\/www.karamantoki.com\/index.php\/wp-json\/wp\/v2\/comments?post=4213"}],"version-history":[{"count":0,"href":"https:\/\/www.karamantoki.com\/index.php\/wp-json\/wp\/v2\/posts\/4213\/revisions"}],"wp:attachment":[{"href":"https:\/\/www.karamantoki.com\/index.php\/wp-json\/wp\/v2\/media?parent=4213"}],"wp:term":[{"taxonomy":"category","embeddable":true,"href":"https:\/\/www.karamantoki.com\/index.php\/wp-json\/wp\/v2\/categories?post=4213"},{"taxonomy":"post_tag","embeddable":true,"href":"https:\/\/www.karamantoki.com\/index.php\/wp-json\/wp\/v2\/tags?post=4213"}],"curies":[{"name":"wp","href":"https:\/\/api.w.org\/{rel}","templated":true}]}}