{"id":4181,"date":"2025-12-26T06:50:23","date_gmt":"2025-12-26T06:50:23","guid":{"rendered":"https:\/\/www.karamantoki.com\/index.php\/2025\/12\/26\/bugra-cem-imamogullari-kimdir-neden-gozaltina-alindi-tff-dis-iliskiler-ve-milli-takimlar-idari-direktoru-bugra-cem-imamogullari-kac-yasinda-nereli\/"},"modified":"2025-12-26T06:50:23","modified_gmt":"2025-12-26T06:50:23","slug":"bugra-cem-imamogullari-kimdir-neden-gozaltina-alindi-tff-dis-iliskiler-ve-milli-takimlar-idari-direktoru-bugra-cem-imamogullari-kac-yasinda-nereli","status":"publish","type":"post","link":"https:\/\/www.karamantoki.com\/index.php\/2025\/12\/26\/bugra-cem-imamogullari-kimdir-neden-gozaltina-alindi-tff-dis-iliskiler-ve-milli-takimlar-idari-direktoru-bugra-cem-imamogullari-kac-yasinda-nereli\/","title":{"rendered":"Bu\u011fra Cem \u0130mamo\u011fullar\u0131 kimdir, neden g\u00f6zalt\u0131na al\u0131nd\u0131? TFF D\u0131\u015f \u0130li\u015fkiler ve Mill\u00ee Tak\u0131mlar \u0130dari Direkt\u00f6r\u00fc Bu\u011fra Cem \u0130mamo\u011fullar\u0131 ka\u00e7 ya\u015f\u0131nda, nereli?"},"content":{"rendered":"<p>T\u00fcrk futbolu, 2025 y\u0131l\u0131na damga vuran yasa d\u0131\u015f\u0131 bahis soru\u015fturmas\u0131 ile sars\u0131l\u0131rken, g\u00f6zler soru\u015fturma kapsam\u0131nda ad\u0131 ge\u00e7en isimlere \u00e7evrildi. Bu s\u00fcre\u00e7te en \u00e7ok merak edilen isimlerden biri ise T\u00fcrkiye Futbol Federasyonu D\u0131\u015f \u0130li\u015fkiler ve Mill\u00ee Tak\u0131mlar \u0130dari Direkt\u00f6r\u00fc Bu\u011fra Cem \u0130mamo\u011fullar\u0131 oldu. Peki, Bu\u011fra Cem \u0130mamo\u011fullar\u0131 kimdir, neden g\u00f6zalt\u0131na al\u0131nd\u0131? Bu\u011fra Cem \u0130mamo\u011fullar\u0131 ka\u00e7 ya\u015f\u0131nda, nereli? Detaylar haberimizde!<\/p>\n","protected":false},"excerpt":{"rendered":"<p>T\u00fcrk futbolu, 2025 y\u0131l\u0131na damga vuran yasa d\u0131\u015f\u0131 bahis soru\u015fturmas\u0131 ile sars\u0131l\u0131rken, g\u00f6zler soru\u015fturma kapsam\u0131nda ad\u0131 ge\u00e7en isimlere \u00e7evrildi. Bu s\u00fcre\u00e7te en \u00e7ok merak edilen isimlerden biri ise T\u00fcrkiye Futbol Federasyonu D\u0131\u015f \u0130li\u015fkiler ve Mill\u00ee Tak\u0131mlar \u0130dari Direkt\u00f6r\u00fc Bu\u011fra Cem \u0130mamo\u011fullar\u0131 oldu. Peki, Bu\u011fra Cem \u0130mamo\u011fullar\u0131 kimdir, neden g\u00f6zalt\u0131na al\u0131nd\u0131? Bu\u011fra Cem \u0130mamo\u011fullar\u0131 ka\u00e7 ya\u015f\u0131nda, [&hellip;]<\/p>\n","protected":false},"author":1,"featured_media":0,"comment_status":"open","ping_status":"open","sticky":false,"template":"","format":"standard","meta":{"_joinchat":[],"footnotes":""},"categories":[1],"tags":[],"class_list":{"0":"post-4181","1":"post","2":"type-post","3":"status-publish","4":"format-standard","6":"category-toki"},"_links":{"self":[{"href":"https:\/\/www.karamantoki.com\/index.php\/wp-json\/wp\/v2\/posts\/4181","targetHints":{"allow":["GET"]}}],"collection":[{"href":"https:\/\/www.karamantoki.com\/index.php\/wp-json\/wp\/v2\/posts"}],"about":[{"href":"https:\/\/www.karamantoki.com\/index.php\/wp-json\/wp\/v2\/types\/post"}],"author":[{"embeddable":true,"href":"https:\/\/www.karamantoki.com\/index.php\/wp-json\/wp\/v2\/users\/1"}],"replies":[{"embeddable":true,"href":"https:\/\/www.karamantoki.com\/index.php\/wp-json\/wp\/v2\/comments?post=4181"}],"version-history":[{"count":0,"href":"https:\/\/www.karamantoki.com\/index.php\/wp-json\/wp\/v2\/posts\/4181\/revisions"}],"wp:attachment":[{"href":"https:\/\/www.karamantoki.com\/index.php\/wp-json\/wp\/v2\/media?parent=4181"}],"wp:term":[{"taxonomy":"category","embeddable":true,"href":"https:\/\/www.karamantoki.com\/index.php\/wp-json\/wp\/v2\/categories?post=4181"},{"taxonomy":"post_tag","embeddable":true,"href":"https:\/\/www.karamantoki.com\/index.php\/wp-json\/wp\/v2\/tags?post=4181"}],"curies":[{"name":"wp","href":"https:\/\/api.w.org\/{rel}","templated":true}]}}