{"id":4094,"date":"2025-12-25T13:03:30","date_gmt":"2025-12-25T13:03:30","guid":{"rendered":"https:\/\/www.karamantoki.com\/index.php\/2025\/12\/25\/marketler-pazar-gunleri-kapanacak-mi-esnaf-ve-perakendeciler-anlasti\/"},"modified":"2025-12-25T13:03:30","modified_gmt":"2025-12-25T13:03:30","slug":"marketler-pazar-gunleri-kapanacak-mi-esnaf-ve-perakendeciler-anlasti","status":"publish","type":"post","link":"https:\/\/www.karamantoki.com\/index.php\/2025\/12\/25\/marketler-pazar-gunleri-kapanacak-mi-esnaf-ve-perakendeciler-anlasti\/","title":{"rendered":"Marketler pazar g\u00fcnleri kapanacak m\u0131? Esnaf ve perakendeciler anla\u015ft\u0131"},"content":{"rendered":"<p><img decoding=\"async\" src=\"https:\/\/iaahbr.tmgrup.com.tr\/9a6ca6\/1200\/675\/0\/0\/864\/486?u=https:\/\/iahbr.tmgrup.com.tr\/2025\/12\/25\/marketler-pazar-gunleri-kapanacak-mi-esnaf-ve-perakendeciler-anlasti-1766665137883.jpeg\" alt=\"Marketler pazar g\u00fcnleri kapanacak m\u0131? Esnaf ve perakendeciler anla\u015ft\u0131\"><br \/>Esnaf, sanatk\u00e2rlar ve perakende sekt\u00f6r\u00fc temsilcileri, TPF ve TESK i\u015f birli\u011fiyle d\u00fczenlenen \u00e7al\u0131\u015ftayda pazar g\u00fcn\u00fc zincir marketlerin kapal\u0131 olmas\u0131 konusunda mutabakata vard\u0131. \u0130\u015fte detaylar&#8230;<a href=\"https:\/\/www.ahaber.com.tr\/ekonomi\/2025\/12\/25\/marketler-pazar-gunleri-kapanacak-mi-esnaf-ve-perakendeciler-anlasti\">Devam\u0131 i\u00e7in t\u0131klay\u0131n\u0131z<\/a><\/p>\n","protected":false},"excerpt":{"rendered":"<p>Esnaf, sanatk\u00e2rlar ve perakende sekt\u00f6r\u00fc temsilcileri, TPF ve TESK i\u015f birli\u011fiyle d\u00fczenlenen \u00e7al\u0131\u015ftayda pazar g\u00fcn\u00fc zincir marketlerin kapal\u0131 olmas\u0131 konusunda mutabakata vard\u0131. \u0130\u015fte detaylar&#8230;Devam\u0131 i\u00e7in t\u0131klay\u0131n\u0131z<\/p>\n","protected":false},"author":1,"featured_media":0,"comment_status":"open","ping_status":"open","sticky":false,"template":"","format":"standard","meta":{"_joinchat":[],"footnotes":""},"categories":[32],"tags":[],"class_list":{"0":"post-4094","1":"post","2":"type-post","3":"status-publish","4":"format-standard","6":"category-ekonomi"},"_links":{"self":[{"href":"https:\/\/www.karamantoki.com\/index.php\/wp-json\/wp\/v2\/posts\/4094","targetHints":{"allow":["GET"]}}],"collection":[{"href":"https:\/\/www.karamantoki.com\/index.php\/wp-json\/wp\/v2\/posts"}],"about":[{"href":"https:\/\/www.karamantoki.com\/index.php\/wp-json\/wp\/v2\/types\/post"}],"author":[{"embeddable":true,"href":"https:\/\/www.karamantoki.com\/index.php\/wp-json\/wp\/v2\/users\/1"}],"replies":[{"embeddable":true,"href":"https:\/\/www.karamantoki.com\/index.php\/wp-json\/wp\/v2\/comments?post=4094"}],"version-history":[{"count":0,"href":"https:\/\/www.karamantoki.com\/index.php\/wp-json\/wp\/v2\/posts\/4094\/revisions"}],"wp:attachment":[{"href":"https:\/\/www.karamantoki.com\/index.php\/wp-json\/wp\/v2\/media?parent=4094"}],"wp:term":[{"taxonomy":"category","embeddable":true,"href":"https:\/\/www.karamantoki.com\/index.php\/wp-json\/wp\/v2\/categories?post=4094"},{"taxonomy":"post_tag","embeddable":true,"href":"https:\/\/www.karamantoki.com\/index.php\/wp-json\/wp\/v2\/tags?post=4094"}],"curies":[{"name":"wp","href":"https:\/\/api.w.org\/{rel}","templated":true}]}}