{"id":4077,"date":"2025-12-25T11:50:18","date_gmt":"2025-12-25T11:50:18","guid":{"rendered":"https:\/\/www.karamantoki.com\/index.php\/2025\/12\/25\/hatayda-bulunan-dunyanin-ilk-magara-kilisesi-olan-st-pierrede-noel-ayini-yapildi\/"},"modified":"2025-12-25T11:50:18","modified_gmt":"2025-12-25T11:50:18","slug":"hatayda-bulunan-dunyanin-ilk-magara-kilisesi-olan-st-pierrede-noel-ayini-yapildi","status":"publish","type":"post","link":"https:\/\/www.karamantoki.com\/index.php\/2025\/12\/25\/hatayda-bulunan-dunyanin-ilk-magara-kilisesi-olan-st-pierrede-noel-ayini-yapildi\/","title":{"rendered":"Hatay&apos;da Bulunan D\u00fcnyan\u0131n \u0130lk Ma\u011fara Kilisesi Olan St. Pierre&apos;de Noel Ayini Yap\u0131ld\u0131"},"content":{"rendered":"<p>Hatay\u2019\u0131n Antakya il\u00e7esinde bulunan ve d\u00fcnyan\u0131n ilk ma\u011fara kilisesi olma \u00f6zelli\u011fini ta\u015f\u0131yan St. Pierre Kilisesi\u2019nde Noel ayini d\u00fczenlendi. Yo\u011fun g\u00fcvenlik \u00f6nlemleri alt\u0131nda ger\u00e7ekle\u015ftirilen ayinde Hristiyanlar dua edip ilahiler s\u00f6yledi. Ayine kat\u0131lan Cafer Yaylac\u0131, \u201cBir M\u00fcsl\u00fcman olarak Antakya\u2019n\u0131n karde\u015flik ve medeniyet k\u00fclt\u00fcr\u00fcyle b\u00fcy\u00fcd\u00fcm. \u0130\u00e7eride ayine kat\u0131lan bir\u00e7ok Hristiyan arkada\u015f\u0131m var. Hem onlar\u0131n manevi atmosferine destek olmak hem de deprem sonras\u0131 b\u00fcy\u00fck y\u0131k\u0131m ya\u015fayan \u015fehrimizin ortak ruhuna sahip \u00e7\u0131kmak i\u00e7in buraday\u0131m\u201d ifadelerini kulland\u0131.<\/p>\n","protected":false},"excerpt":{"rendered":"<p>Hatay\u2019\u0131n Antakya il\u00e7esinde bulunan ve d\u00fcnyan\u0131n ilk ma\u011fara kilisesi olma \u00f6zelli\u011fini ta\u015f\u0131yan St. Pierre Kilisesi\u2019nde Noel ayini d\u00fczenlendi. Yo\u011fun g\u00fcvenlik \u00f6nlemleri alt\u0131nda ger\u00e7ekle\u015ftirilen ayinde Hristiyanlar dua edip ilahiler s\u00f6yledi. Ayine kat\u0131lan Cafer Yaylac\u0131, \u201cBir M\u00fcsl\u00fcman olarak Antakya\u2019n\u0131n karde\u015flik ve medeniyet k\u00fclt\u00fcr\u00fcyle b\u00fcy\u00fcd\u00fcm. \u0130\u00e7eride ayine kat\u0131lan bir\u00e7ok Hristiyan arkada\u015f\u0131m var. Hem onlar\u0131n manevi atmosferine destek olmak [&hellip;]<\/p>\n","protected":false},"author":1,"featured_media":0,"comment_status":"open","ping_status":"open","sticky":false,"template":"","format":"standard","meta":{"_joinchat":[],"footnotes":""},"categories":[1],"tags":[],"class_list":{"0":"post-4077","1":"post","2":"type-post","3":"status-publish","4":"format-standard","6":"category-toki"},"_links":{"self":[{"href":"https:\/\/www.karamantoki.com\/index.php\/wp-json\/wp\/v2\/posts\/4077","targetHints":{"allow":["GET"]}}],"collection":[{"href":"https:\/\/www.karamantoki.com\/index.php\/wp-json\/wp\/v2\/posts"}],"about":[{"href":"https:\/\/www.karamantoki.com\/index.php\/wp-json\/wp\/v2\/types\/post"}],"author":[{"embeddable":true,"href":"https:\/\/www.karamantoki.com\/index.php\/wp-json\/wp\/v2\/users\/1"}],"replies":[{"embeddable":true,"href":"https:\/\/www.karamantoki.com\/index.php\/wp-json\/wp\/v2\/comments?post=4077"}],"version-history":[{"count":0,"href":"https:\/\/www.karamantoki.com\/index.php\/wp-json\/wp\/v2\/posts\/4077\/revisions"}],"wp:attachment":[{"href":"https:\/\/www.karamantoki.com\/index.php\/wp-json\/wp\/v2\/media?parent=4077"}],"wp:term":[{"taxonomy":"category","embeddable":true,"href":"https:\/\/www.karamantoki.com\/index.php\/wp-json\/wp\/v2\/categories?post=4077"},{"taxonomy":"post_tag","embeddable":true,"href":"https:\/\/www.karamantoki.com\/index.php\/wp-json\/wp\/v2\/tags?post=4077"}],"curies":[{"name":"wp","href":"https:\/\/api.w.org\/{rel}","templated":true}]}}