{"id":4044,"date":"2025-12-25T06:50:49","date_gmt":"2025-12-25T06:50:49","guid":{"rendered":"https:\/\/www.karamantoki.com\/index.php\/2025\/12\/25\/balikesirde-deprem-mi-oldu-25-aralik-balikesirde-en-son-ne-zaman-deprem-oldu-depremin-siddeti-belli-mi\/"},"modified":"2025-12-25T06:50:49","modified_gmt":"2025-12-25T06:50:49","slug":"balikesirde-deprem-mi-oldu-25-aralik-balikesirde-en-son-ne-zaman-deprem-oldu-depremin-siddeti-belli-mi","status":"publish","type":"post","link":"https:\/\/www.karamantoki.com\/index.php\/2025\/12\/25\/balikesirde-deprem-mi-oldu-25-aralik-balikesirde-en-son-ne-zaman-deprem-oldu-depremin-siddeti-belli-mi\/","title":{"rendered":"Bal\u0131kesir&apos;de deprem mi oldu? 25 Aral\u0131k Bal\u0131kesir&apos;de en son ne zaman deprem oldu, depremin \u015fiddeti belli mi?"},"content":{"rendered":"<p>Bal\u0131kesir&#8217;de sabah saatlerinde hissedildi\u011fi belirtilen hareketlilik, kent genelinde tedirginli\u011fe yol a\u00e7t\u0131. Sosyal medyada art arda payla\u015f\u0131lan mesajlar &#8220;Bal\u0131kesir&#8217;de deprem mi oldu?&#8221; sorusunu g\u00fcndeme ta\u015f\u0131rken, g\u00f6zler AFAD ve Kandilli Rasathanesi&#8217;nden gelecek resmi a\u00e7\u0131klamalara \u00e7evrildi. Peki, Bal\u0131kesir&#8217;de deprem mi oldu? 25 Aral\u0131k Bal\u0131kesir&#8217;de en son ne zaman deprem oldu, depremin \u015fiddeti belli mi?<\/p>\n","protected":false},"excerpt":{"rendered":"<p>Bal\u0131kesir&#8217;de sabah saatlerinde hissedildi\u011fi belirtilen hareketlilik, kent genelinde tedirginli\u011fe yol a\u00e7t\u0131. Sosyal medyada art arda payla\u015f\u0131lan mesajlar &#8220;Bal\u0131kesir&#8217;de deprem mi oldu?&#8221; sorusunu g\u00fcndeme ta\u015f\u0131rken, g\u00f6zler AFAD ve Kandilli Rasathanesi&#8217;nden gelecek resmi a\u00e7\u0131klamalara \u00e7evrildi. Peki, Bal\u0131kesir&#8217;de deprem mi oldu? 25 Aral\u0131k Bal\u0131kesir&#8217;de en son ne zaman deprem oldu, depremin \u015fiddeti belli mi?<\/p>\n","protected":false},"author":1,"featured_media":0,"comment_status":"open","ping_status":"open","sticky":false,"template":"","format":"standard","meta":{"_joinchat":[],"footnotes":""},"categories":[1],"tags":[],"class_list":{"0":"post-4044","1":"post","2":"type-post","3":"status-publish","4":"format-standard","6":"category-toki"},"_links":{"self":[{"href":"https:\/\/www.karamantoki.com\/index.php\/wp-json\/wp\/v2\/posts\/4044","targetHints":{"allow":["GET"]}}],"collection":[{"href":"https:\/\/www.karamantoki.com\/index.php\/wp-json\/wp\/v2\/posts"}],"about":[{"href":"https:\/\/www.karamantoki.com\/index.php\/wp-json\/wp\/v2\/types\/post"}],"author":[{"embeddable":true,"href":"https:\/\/www.karamantoki.com\/index.php\/wp-json\/wp\/v2\/users\/1"}],"replies":[{"embeddable":true,"href":"https:\/\/www.karamantoki.com\/index.php\/wp-json\/wp\/v2\/comments?post=4044"}],"version-history":[{"count":0,"href":"https:\/\/www.karamantoki.com\/index.php\/wp-json\/wp\/v2\/posts\/4044\/revisions"}],"wp:attachment":[{"href":"https:\/\/www.karamantoki.com\/index.php\/wp-json\/wp\/v2\/media?parent=4044"}],"wp:term":[{"taxonomy":"category","embeddable":true,"href":"https:\/\/www.karamantoki.com\/index.php\/wp-json\/wp\/v2\/categories?post=4044"},{"taxonomy":"post_tag","embeddable":true,"href":"https:\/\/www.karamantoki.com\/index.php\/wp-json\/wp\/v2\/tags?post=4044"}],"curies":[{"name":"wp","href":"https:\/\/api.w.org\/{rel}","templated":true}]}}