{"id":4031,"date":"2025-12-25T05:50:13","date_gmt":"2025-12-25T05:50:13","guid":{"rendered":"https:\/\/www.karamantoki.com\/index.php\/2025\/12\/25\/chpli-alp-chpli-dikbayirin-kurt-halki-yoktur-sozlerine-ates-puskurdu-dost-ve-dusman-bilsin-ki\/"},"modified":"2025-12-25T05:50:13","modified_gmt":"2025-12-25T05:50:13","slug":"chpli-alp-chpli-dikbayirin-kurt-halki-yoktur-sozlerine-ates-puskurdu-dost-ve-dusman-bilsin-ki","status":"publish","type":"post","link":"https:\/\/www.karamantoki.com\/index.php\/2025\/12\/25\/chpli-alp-chpli-dikbayirin-kurt-halki-yoktur-sozlerine-ates-puskurdu-dost-ve-dusman-bilsin-ki\/","title":{"rendered":"CHP&apos;li Alp, CHP&apos;li Dikbay\u0131r&apos;\u0131n &quot;K\u00fcrt halk\u0131 yoktur&quot; s\u00f6zlerine ate\u015f p\u00fcsk\u00fcrd\u00fc: Dost ve d\u00fc\u015fman bilsin ki&#8230;"},"content":{"rendered":"<p>CHP&#8217;li \u0130nan Akg\u00fcn Alp, partisinden \u00dcmit Dikbay\u0131r&#8217;\u0131n &#8220;K\u00fcrt halk\u0131 yoktur. K\u00fcrt k\u00f6kenli vatanda\u015flar vard\u0131r&#8221; s\u00f6zlerine tepki g\u00f6sterdi. CHP&#8217;nin t\u00fcm halklar\u0131 kucaklayan bir anlay\u0131\u015fa sahip oldu\u011funu belirten Alp, &#8220;Dost ve d\u00fc\u015fman herkes bilsin ki K\u00fcrtlerin varl\u0131\u011f\u0131n\u0131n yok say\u0131lmas\u0131 ve inkar\u0131 a\u015famas\u0131 \u00e7oktan tarih olmu\u015ftur. Elbette ki K\u00fcrtler vard\u0131r. Selahattin Eyyubi&#8217;den beri hem Orta Do\u011fu&#8217;da hem de T\u00fcrkiye&#8217;de birer \u00f6znedirler&#8221; dedi.<\/p>\n","protected":false},"excerpt":{"rendered":"<p>CHP&#8217;li \u0130nan Akg\u00fcn Alp, partisinden \u00dcmit Dikbay\u0131r&#8217;\u0131n &#8220;K\u00fcrt halk\u0131 yoktur. K\u00fcrt k\u00f6kenli vatanda\u015flar vard\u0131r&#8221; s\u00f6zlerine tepki g\u00f6sterdi. CHP&#8217;nin t\u00fcm halklar\u0131 kucaklayan bir anlay\u0131\u015fa sahip oldu\u011funu belirten Alp, &#8220;Dost ve d\u00fc\u015fman herkes bilsin ki K\u00fcrtlerin varl\u0131\u011f\u0131n\u0131n yok say\u0131lmas\u0131 ve inkar\u0131 a\u015famas\u0131 \u00e7oktan tarih olmu\u015ftur. Elbette ki K\u00fcrtler vard\u0131r. Selahattin Eyyubi&#8217;den beri hem Orta Do\u011fu&#8217;da hem de [&hellip;]<\/p>\n","protected":false},"author":1,"featured_media":0,"comment_status":"open","ping_status":"open","sticky":false,"template":"","format":"standard","meta":{"_joinchat":[],"footnotes":""},"categories":[1],"tags":[],"class_list":{"0":"post-4031","1":"post","2":"type-post","3":"status-publish","4":"format-standard","6":"category-toki"},"_links":{"self":[{"href":"https:\/\/www.karamantoki.com\/index.php\/wp-json\/wp\/v2\/posts\/4031","targetHints":{"allow":["GET"]}}],"collection":[{"href":"https:\/\/www.karamantoki.com\/index.php\/wp-json\/wp\/v2\/posts"}],"about":[{"href":"https:\/\/www.karamantoki.com\/index.php\/wp-json\/wp\/v2\/types\/post"}],"author":[{"embeddable":true,"href":"https:\/\/www.karamantoki.com\/index.php\/wp-json\/wp\/v2\/users\/1"}],"replies":[{"embeddable":true,"href":"https:\/\/www.karamantoki.com\/index.php\/wp-json\/wp\/v2\/comments?post=4031"}],"version-history":[{"count":0,"href":"https:\/\/www.karamantoki.com\/index.php\/wp-json\/wp\/v2\/posts\/4031\/revisions"}],"wp:attachment":[{"href":"https:\/\/www.karamantoki.com\/index.php\/wp-json\/wp\/v2\/media?parent=4031"}],"wp:term":[{"taxonomy":"category","embeddable":true,"href":"https:\/\/www.karamantoki.com\/index.php\/wp-json\/wp\/v2\/categories?post=4031"},{"taxonomy":"post_tag","embeddable":true,"href":"https:\/\/www.karamantoki.com\/index.php\/wp-json\/wp\/v2\/tags?post=4031"}],"curies":[{"name":"wp","href":"https:\/\/api.w.org\/{rel}","templated":true}]}}