{"id":4006,"date":"2025-12-24T22:50:31","date_gmt":"2025-12-24T22:50:31","guid":{"rendered":"https:\/\/www.karamantoki.com\/index.php\/2025\/12\/24\/konyada-fener-alayi-coskusu-yasandi\/"},"modified":"2025-12-24T22:50:31","modified_gmt":"2025-12-24T22:50:31","slug":"konyada-fener-alayi-coskusu-yasandi","status":"publish","type":"post","link":"https:\/\/www.karamantoki.com\/index.php\/2025\/12\/24\/konyada-fener-alayi-coskusu-yasandi\/","title":{"rendered":"Konya&apos;da fener alay\u0131 co\u015fkusu ya\u015fand\u0131"},"content":{"rendered":"<p>Sel\u00e7uklu&#8217;nun ba\u015fkenti Konya&#8217;da \u00fc\u00e7 aylar\u0131n ba\u015flang\u0131c\u0131nda kutlanan &#8216;\u015eivlilik \u00c7ocuk Bayram\u0131&#8217; kapsam\u0131nda fener alay\u0131 d\u00fczenlendi. K\u00fclt\u00fcrpark&#8217;ta ger\u00e7ekle\u015ftirilen etkinliklerde binlerce \u00e7ocuk aileleriyle birlikte e\u011flenceli vakit ge\u00e7irdi.<\/p>\n","protected":false},"excerpt":{"rendered":"<p>Sel\u00e7uklu&#8217;nun ba\u015fkenti Konya&#8217;da \u00fc\u00e7 aylar\u0131n ba\u015flang\u0131c\u0131nda kutlanan &#8216;\u015eivlilik \u00c7ocuk Bayram\u0131&#8217; kapsam\u0131nda fener alay\u0131 d\u00fczenlendi. K\u00fclt\u00fcrpark&#8217;ta ger\u00e7ekle\u015ftirilen etkinliklerde binlerce \u00e7ocuk aileleriyle birlikte e\u011flenceli vakit ge\u00e7irdi.<\/p>\n","protected":false},"author":1,"featured_media":0,"comment_status":"open","ping_status":"open","sticky":false,"template":"","format":"standard","meta":{"_joinchat":[],"footnotes":""},"categories":[1],"tags":[],"class_list":{"0":"post-4006","1":"post","2":"type-post","3":"status-publish","4":"format-standard","6":"category-toki"},"_links":{"self":[{"href":"https:\/\/www.karamantoki.com\/index.php\/wp-json\/wp\/v2\/posts\/4006","targetHints":{"allow":["GET"]}}],"collection":[{"href":"https:\/\/www.karamantoki.com\/index.php\/wp-json\/wp\/v2\/posts"}],"about":[{"href":"https:\/\/www.karamantoki.com\/index.php\/wp-json\/wp\/v2\/types\/post"}],"author":[{"embeddable":true,"href":"https:\/\/www.karamantoki.com\/index.php\/wp-json\/wp\/v2\/users\/1"}],"replies":[{"embeddable":true,"href":"https:\/\/www.karamantoki.com\/index.php\/wp-json\/wp\/v2\/comments?post=4006"}],"version-history":[{"count":0,"href":"https:\/\/www.karamantoki.com\/index.php\/wp-json\/wp\/v2\/posts\/4006\/revisions"}],"wp:attachment":[{"href":"https:\/\/www.karamantoki.com\/index.php\/wp-json\/wp\/v2\/media?parent=4006"}],"wp:term":[{"taxonomy":"category","embeddable":true,"href":"https:\/\/www.karamantoki.com\/index.php\/wp-json\/wp\/v2\/categories?post=4006"},{"taxonomy":"post_tag","embeddable":true,"href":"https:\/\/www.karamantoki.com\/index.php\/wp-json\/wp\/v2\/tags?post=4006"}],"curies":[{"name":"wp","href":"https:\/\/api.w.org\/{rel}","templated":true}]}}