{"id":3994,"date":"2025-12-24T21:50:26","date_gmt":"2025-12-24T21:50:26","guid":{"rendered":"https:\/\/www.karamantoki.com\/index.php\/2025\/12\/24\/sahipsizler-cemo-diziden-ayriliyor-mu-kaan-mirac-sezen-sahipsizlere-veda-mi-ediyor\/"},"modified":"2025-12-24T21:50:26","modified_gmt":"2025-12-24T21:50:26","slug":"sahipsizler-cemo-diziden-ayriliyor-mu-kaan-mirac-sezen-sahipsizlere-veda-mi-ediyor","status":"publish","type":"post","link":"https:\/\/www.karamantoki.com\/index.php\/2025\/12\/24\/sahipsizler-cemo-diziden-ayriliyor-mu-kaan-mirac-sezen-sahipsizlere-veda-mi-ediyor\/","title":{"rendered":"Sahipsizler Cemo diziden ayr\u0131l\u0131yor mu, Kaan Mira\u00e7 Sezen Sahipsizler&apos;e veda m\u0131 ediyor?"},"content":{"rendered":"<p>Star TV&#8217;nin ilgiyle takip edilen yap\u0131mlar\u0131ndan Sahipsizler, 43. b\u00f6l\u00fcm\u00fcyle izleyiciyle bulu\u015fmaya haz\u0131rlan\u0131yor. \u00c7ar\u015famba ak\u015famlar\u0131n\u0131n vazge\u00e7ilmez dizisinde bu b\u00f6l\u00fcmde dikkat \u00e7eken bir geli\u015fme ya\u015fanacak. Dizinin ba\u015frol oyuncular\u0131ndan Kaan Mira\u00e7 Sezen&#8217;in hayat verdi\u011fi Cemo karakterinin cezaevine girece\u011fi sahneler ekranlara gelecek. Son g\u00fcnlerde kulislerde dola\u015fan &#8220;oyuncu diziden ayr\u0131l\u0131yor&#8221; iddialar\u0131 ise merak uyand\u0131rm\u0131\u015f durumda. Sahipsizler Cemo diziden ayr\u0131l\u0131yor mu, Kaan Mira\u00e7 Sezen Sahipsizler&#8217;e v<\/p>\n","protected":false},"excerpt":{"rendered":"<p>Star TV&#8217;nin ilgiyle takip edilen yap\u0131mlar\u0131ndan Sahipsizler, 43. b\u00f6l\u00fcm\u00fcyle izleyiciyle bulu\u015fmaya haz\u0131rlan\u0131yor. \u00c7ar\u015famba ak\u015famlar\u0131n\u0131n vazge\u00e7ilmez dizisinde bu b\u00f6l\u00fcmde dikkat \u00e7eken bir geli\u015fme ya\u015fanacak. Dizinin ba\u015frol oyuncular\u0131ndan Kaan Mira\u00e7 Sezen&#8217;in hayat verdi\u011fi Cemo karakterinin cezaevine girece\u011fi sahneler ekranlara gelecek. Son g\u00fcnlerde kulislerde dola\u015fan &#8220;oyuncu diziden ayr\u0131l\u0131yor&#8221; iddialar\u0131 ise merak uyand\u0131rm\u0131\u015f durumda. Sahipsizler Cemo diziden ayr\u0131l\u0131yor mu, [&hellip;]<\/p>\n","protected":false},"author":1,"featured_media":0,"comment_status":"open","ping_status":"open","sticky":false,"template":"","format":"standard","meta":{"_joinchat":[],"footnotes":""},"categories":[1],"tags":[],"class_list":{"0":"post-3994","1":"post","2":"type-post","3":"status-publish","4":"format-standard","6":"category-toki"},"_links":{"self":[{"href":"https:\/\/www.karamantoki.com\/index.php\/wp-json\/wp\/v2\/posts\/3994","targetHints":{"allow":["GET"]}}],"collection":[{"href":"https:\/\/www.karamantoki.com\/index.php\/wp-json\/wp\/v2\/posts"}],"about":[{"href":"https:\/\/www.karamantoki.com\/index.php\/wp-json\/wp\/v2\/types\/post"}],"author":[{"embeddable":true,"href":"https:\/\/www.karamantoki.com\/index.php\/wp-json\/wp\/v2\/users\/1"}],"replies":[{"embeddable":true,"href":"https:\/\/www.karamantoki.com\/index.php\/wp-json\/wp\/v2\/comments?post=3994"}],"version-history":[{"count":0,"href":"https:\/\/www.karamantoki.com\/index.php\/wp-json\/wp\/v2\/posts\/3994\/revisions"}],"wp:attachment":[{"href":"https:\/\/www.karamantoki.com\/index.php\/wp-json\/wp\/v2\/media?parent=3994"}],"wp:term":[{"taxonomy":"category","embeddable":true,"href":"https:\/\/www.karamantoki.com\/index.php\/wp-json\/wp\/v2\/categories?post=3994"},{"taxonomy":"post_tag","embeddable":true,"href":"https:\/\/www.karamantoki.com\/index.php\/wp-json\/wp\/v2\/tags?post=3994"}],"curies":[{"name":"wp","href":"https:\/\/api.w.org\/{rel}","templated":true}]}}