{"id":3966,"date":"2025-12-24T16:51:15","date_gmt":"2025-12-24T16:51:15","guid":{"rendered":"https:\/\/www.karamantoki.com\/index.php\/2025\/12\/24\/sadettin-saran-uyusturucu-sorusturmasi-kapsaminda-gozaltina-alindi\/"},"modified":"2025-12-24T16:51:15","modified_gmt":"2025-12-24T16:51:15","slug":"sadettin-saran-uyusturucu-sorusturmasi-kapsaminda-gozaltina-alindi","status":"publish","type":"post","link":"https:\/\/www.karamantoki.com\/index.php\/2025\/12\/24\/sadettin-saran-uyusturucu-sorusturmasi-kapsaminda-gozaltina-alindi\/","title":{"rendered":"Sadettin Saran uyu\u015fturucu soru\u015fturmas\u0131 kapsam\u0131nda g\u00f6zalt\u0131na al\u0131nd\u0131"},"content":{"rendered":"<p>Fenerbah\u00e7e Kul\u00fcb\u00fc Ba\u015fkan\u0131 Sadettin Saran uyu\u015fturucu soru\u015fturmas\u0131 kapsam\u0131nda g\u00f6zalt\u0131na al\u0131nd\u0131. \u0130stanbul Cumhuriyet Ba\u015fsavc\u0131l\u0131\u011f\u0131 yapt\u0131\u011f\u0131 a\u00e7\u0131klamada &#8220;\u015e\u00fcpheli Steven Sadettin Saran hakk\u0131nda y\u00fcr\u00fct\u00fclmekte olan soru\u015fturma kapsam\u0131nda, elde edilen ek delillere g\u00f6re \u00fczerine at\u0131l\u0131 uyu\u015fturucu madde temin etme, uyu\u015fturucu kullan\u0131m\u0131n\u0131 kolayla\u015ft\u0131rmak ve uyu\u015fturucu kullanma su\u00e7lar\u0131ndan \u0130stanbul \u0130l Jandarma Komutanl\u0131\u011f\u0131 ekiplerince g\u00f6zalt\u0131na al\u0131nm\u0131\u015ft\u0131r&#8221; dedi.<\/p>\n","protected":false},"excerpt":{"rendered":"<p>Fenerbah\u00e7e Kul\u00fcb\u00fc Ba\u015fkan\u0131 Sadettin Saran uyu\u015fturucu soru\u015fturmas\u0131 kapsam\u0131nda g\u00f6zalt\u0131na al\u0131nd\u0131. \u0130stanbul Cumhuriyet Ba\u015fsavc\u0131l\u0131\u011f\u0131 yapt\u0131\u011f\u0131 a\u00e7\u0131klamada &#8220;\u015e\u00fcpheli Steven Sadettin Saran hakk\u0131nda y\u00fcr\u00fct\u00fclmekte olan soru\u015fturma kapsam\u0131nda, elde edilen ek delillere g\u00f6re \u00fczerine at\u0131l\u0131 uyu\u015fturucu madde temin etme, uyu\u015fturucu kullan\u0131m\u0131n\u0131 kolayla\u015ft\u0131rmak ve uyu\u015fturucu kullanma su\u00e7lar\u0131ndan \u0130stanbul \u0130l Jandarma Komutanl\u0131\u011f\u0131 ekiplerince g\u00f6zalt\u0131na al\u0131nm\u0131\u015ft\u0131r&#8221; dedi.<\/p>\n","protected":false},"author":1,"featured_media":0,"comment_status":"open","ping_status":"open","sticky":false,"template":"","format":"standard","meta":{"_joinchat":[],"footnotes":""},"categories":[1],"tags":[],"class_list":{"0":"post-3966","1":"post","2":"type-post","3":"status-publish","4":"format-standard","6":"category-toki"},"_links":{"self":[{"href":"https:\/\/www.karamantoki.com\/index.php\/wp-json\/wp\/v2\/posts\/3966","targetHints":{"allow":["GET"]}}],"collection":[{"href":"https:\/\/www.karamantoki.com\/index.php\/wp-json\/wp\/v2\/posts"}],"about":[{"href":"https:\/\/www.karamantoki.com\/index.php\/wp-json\/wp\/v2\/types\/post"}],"author":[{"embeddable":true,"href":"https:\/\/www.karamantoki.com\/index.php\/wp-json\/wp\/v2\/users\/1"}],"replies":[{"embeddable":true,"href":"https:\/\/www.karamantoki.com\/index.php\/wp-json\/wp\/v2\/comments?post=3966"}],"version-history":[{"count":0,"href":"https:\/\/www.karamantoki.com\/index.php\/wp-json\/wp\/v2\/posts\/3966\/revisions"}],"wp:attachment":[{"href":"https:\/\/www.karamantoki.com\/index.php\/wp-json\/wp\/v2\/media?parent=3966"}],"wp:term":[{"taxonomy":"category","embeddable":true,"href":"https:\/\/www.karamantoki.com\/index.php\/wp-json\/wp\/v2\/categories?post=3966"},{"taxonomy":"post_tag","embeddable":true,"href":"https:\/\/www.karamantoki.com\/index.php\/wp-json\/wp\/v2\/tags?post=3966"}],"curies":[{"name":"wp","href":"https:\/\/api.w.org\/{rel}","templated":true}]}}