{"id":3921,"date":"2025-12-24T10:03:20","date_gmt":"2025-12-24T10:03:20","guid":{"rendered":"https:\/\/www.karamantoki.com\/index.php\/2025\/12\/24\/ticaret-bakani-omer-bolattan-piyasalara-mesaj-rezervler-guclu-temel-mallarda-fiyat-istikrari-saglanmistir\/"},"modified":"2025-12-24T10:03:20","modified_gmt":"2025-12-24T10:03:20","slug":"ticaret-bakani-omer-bolattan-piyasalara-mesaj-rezervler-guclu-temel-mallarda-fiyat-istikrari-saglanmistir","status":"publish","type":"post","link":"https:\/\/www.karamantoki.com\/index.php\/2025\/12\/24\/ticaret-bakani-omer-bolattan-piyasalara-mesaj-rezervler-guclu-temel-mallarda-fiyat-istikrari-saglanmistir\/","title":{"rendered":"Ticaret Bakan\u0131 \u00d6mer Bolat\u2019tan piyasalara mesaj: Rezervler g\u00fc\u00e7l\u00fc, temel mallarda fiyat istikrar\u0131 sa\u011flanm\u0131\u015ft\u0131r"},"content":{"rendered":"<p><img decoding=\"async\" src=\"https:\/\/iaahbr.tmgrup.com.tr\/47f572\/1200\/675\/0\/59\/800\/508?u=https:\/\/iahbr.tmgrup.com.tr\/2025\/12\/24\/ticaret-bakani-omer-bolattan-piyasalara-mesaj-rezervler-guclu-temel-mallarda-fiyat-istikrari-saglanmistir-1766565954475.jpeg\" alt=\"Ticaret Bakan\u0131 \u00d6mer Bolat\u2019tan piyasalara mesaj: Rezervler g\u00fc\u00e7l\u00fc, temel mallarda fiyat istikrar\u0131 sa\u011flanm\u0131\u015ft\u0131r\"><br \/>Ticaret Bakan\u0131 \u00d6mer Bolat, T\u00fcrkiye-Azerbaycan 12. D\u00f6nem Karma Ekonomik Komisyonu (KEK) ve 2. T\u00fcrkiye-Azerbaycan Yat\u0131r\u0131m Forumu&#8217;na kat\u0131lmak i\u00e7in geldi\u011fi Bak\u00fc&#8217;de gazetecilerin sorular\u0131n\u0131 yan\u0131tlad\u0131. Bakan&#8230;<a href=\"https:\/\/www.ahaber.com.tr\/ekonomi\/2025\/12\/24\/ticaret-bakani-omer-bolattan-piyasalara-mesaj-rezervler-guclu-temel-mallarda-fiyat-istikrari-saglanmistir\">Devam\u0131 i\u00e7in t\u0131klay\u0131n\u0131z<\/a><\/p>\n","protected":false},"excerpt":{"rendered":"<p>Ticaret Bakan\u0131 \u00d6mer Bolat, T\u00fcrkiye-Azerbaycan 12. D\u00f6nem Karma Ekonomik Komisyonu (KEK) ve 2. T\u00fcrkiye-Azerbaycan Yat\u0131r\u0131m Forumu&#8217;na kat\u0131lmak i\u00e7in geldi\u011fi Bak\u00fc&#8217;de gazetecilerin sorular\u0131n\u0131 yan\u0131tlad\u0131. Bakan&#8230;Devam\u0131 i\u00e7in t\u0131klay\u0131n\u0131z<\/p>\n","protected":false},"author":1,"featured_media":0,"comment_status":"open","ping_status":"open","sticky":false,"template":"","format":"standard","meta":{"_joinchat":[],"footnotes":""},"categories":[32],"tags":[],"class_list":{"0":"post-3921","1":"post","2":"type-post","3":"status-publish","4":"format-standard","6":"category-ekonomi"},"_links":{"self":[{"href":"https:\/\/www.karamantoki.com\/index.php\/wp-json\/wp\/v2\/posts\/3921","targetHints":{"allow":["GET"]}}],"collection":[{"href":"https:\/\/www.karamantoki.com\/index.php\/wp-json\/wp\/v2\/posts"}],"about":[{"href":"https:\/\/www.karamantoki.com\/index.php\/wp-json\/wp\/v2\/types\/post"}],"author":[{"embeddable":true,"href":"https:\/\/www.karamantoki.com\/index.php\/wp-json\/wp\/v2\/users\/1"}],"replies":[{"embeddable":true,"href":"https:\/\/www.karamantoki.com\/index.php\/wp-json\/wp\/v2\/comments?post=3921"}],"version-history":[{"count":0,"href":"https:\/\/www.karamantoki.com\/index.php\/wp-json\/wp\/v2\/posts\/3921\/revisions"}],"wp:attachment":[{"href":"https:\/\/www.karamantoki.com\/index.php\/wp-json\/wp\/v2\/media?parent=3921"}],"wp:term":[{"taxonomy":"category","embeddable":true,"href":"https:\/\/www.karamantoki.com\/index.php\/wp-json\/wp\/v2\/categories?post=3921"},{"taxonomy":"post_tag","embeddable":true,"href":"https:\/\/www.karamantoki.com\/index.php\/wp-json\/wp\/v2\/tags?post=3921"}],"curies":[{"name":"wp","href":"https:\/\/api.w.org\/{rel}","templated":true}]}}