{"id":3911,"date":"2025-12-24T08:50:52","date_gmt":"2025-12-24T08:50:52","guid":{"rendered":"https:\/\/www.karamantoki.com\/index.php\/2025\/12\/24\/yasli-bakim-merkezindeki-dehsette-sicak-gelisme-1-kisi-tutuklandi\/"},"modified":"2025-12-24T08:50:52","modified_gmt":"2025-12-24T08:50:52","slug":"yasli-bakim-merkezindeki-dehsette-sicak-gelisme-1-kisi-tutuklandi","status":"publish","type":"post","link":"https:\/\/www.karamantoki.com\/index.php\/2025\/12\/24\/yasli-bakim-merkezindeki-dehsette-sicak-gelisme-1-kisi-tutuklandi\/","title":{"rendered":"Ya\u015fl\u0131 bak\u0131m merkezindeki deh\u015fette s\u0131cak geli\u015fme: 1 ki\u015fi tutukland\u0131"},"content":{"rendered":"<p>B\u00fcy\u00fck\u00e7ekmece&#8217;de bir ya\u015fl\u0131 bak\u0131m merkezinde ya\u015fanan \u015fiddet olay\u0131yla ilgili soru\u015fturma devam ediyor. Bak\u0131mevi sahibinin e\u015fi, merkezde konaklayan Abdulkadir Ta\u015far&#8217;a \u015fiddet uygulad\u0131\u011f\u0131 iddias\u0131yla tutukland\u0131. \u0130hbar \u00fczerine ba\u015flat\u0131lan soru\u015fturma kapsam\u0131nda, Ta\u015far&#8217;\u0131n 2023&#8217;te hastaneye kald\u0131r\u0131ld\u0131\u011f\u0131 ve 2024&#8217;te hayat\u0131n\u0131 kaybetti\u011fi belirlendi. Ayr\u0131ca, bak\u0131mevinin faaliyette oldu\u011fu d\u00f6nemde benzer olaylar\u0131n ya\u015fand\u0131\u011f\u0131 ve \u015f\u00fcphelinin, bak\u0131mevinde \u00e7al\u0131\u015fan personeli tehdit etti\u011fi tespit edildi.<\/p>\n","protected":false},"excerpt":{"rendered":"<p>B\u00fcy\u00fck\u00e7ekmece&#8217;de bir ya\u015fl\u0131 bak\u0131m merkezinde ya\u015fanan \u015fiddet olay\u0131yla ilgili soru\u015fturma devam ediyor. Bak\u0131mevi sahibinin e\u015fi, merkezde konaklayan Abdulkadir Ta\u015far&#8217;a \u015fiddet uygulad\u0131\u011f\u0131 iddias\u0131yla tutukland\u0131. \u0130hbar \u00fczerine ba\u015flat\u0131lan soru\u015fturma kapsam\u0131nda, Ta\u015far&#8217;\u0131n 2023&#8217;te hastaneye kald\u0131r\u0131ld\u0131\u011f\u0131 ve 2024&#8217;te hayat\u0131n\u0131 kaybetti\u011fi belirlendi. Ayr\u0131ca, bak\u0131mevinin faaliyette oldu\u011fu d\u00f6nemde benzer olaylar\u0131n ya\u015fand\u0131\u011f\u0131 ve \u015f\u00fcphelinin, bak\u0131mevinde \u00e7al\u0131\u015fan personeli tehdit etti\u011fi tespit edildi.<\/p>\n","protected":false},"author":1,"featured_media":0,"comment_status":"open","ping_status":"open","sticky":false,"template":"","format":"standard","meta":{"_joinchat":[],"footnotes":""},"categories":[1],"tags":[],"class_list":{"0":"post-3911","1":"post","2":"type-post","3":"status-publish","4":"format-standard","6":"category-toki"},"_links":{"self":[{"href":"https:\/\/www.karamantoki.com\/index.php\/wp-json\/wp\/v2\/posts\/3911","targetHints":{"allow":["GET"]}}],"collection":[{"href":"https:\/\/www.karamantoki.com\/index.php\/wp-json\/wp\/v2\/posts"}],"about":[{"href":"https:\/\/www.karamantoki.com\/index.php\/wp-json\/wp\/v2\/types\/post"}],"author":[{"embeddable":true,"href":"https:\/\/www.karamantoki.com\/index.php\/wp-json\/wp\/v2\/users\/1"}],"replies":[{"embeddable":true,"href":"https:\/\/www.karamantoki.com\/index.php\/wp-json\/wp\/v2\/comments?post=3911"}],"version-history":[{"count":0,"href":"https:\/\/www.karamantoki.com\/index.php\/wp-json\/wp\/v2\/posts\/3911\/revisions"}],"wp:attachment":[{"href":"https:\/\/www.karamantoki.com\/index.php\/wp-json\/wp\/v2\/media?parent=3911"}],"wp:term":[{"taxonomy":"category","embeddable":true,"href":"https:\/\/www.karamantoki.com\/index.php\/wp-json\/wp\/v2\/categories?post=3911"},{"taxonomy":"post_tag","embeddable":true,"href":"https:\/\/www.karamantoki.com\/index.php\/wp-json\/wp\/v2\/tags?post=3911"}],"curies":[{"name":"wp","href":"https:\/\/api.w.org\/{rel}","templated":true}]}}