{"id":3907,"date":"2025-12-24T08:02:47","date_gmt":"2025-12-24T08:02:47","guid":{"rendered":"https:\/\/www.karamantoki.com\/index.php\/2025\/12\/24\/yarin-kandil-mi-25-aralik-2025-regaip-kandili-mi-hangi-kandil\/"},"modified":"2025-12-24T08:02:47","modified_gmt":"2025-12-24T08:02:47","slug":"yarin-kandil-mi-25-aralik-2025-regaip-kandili-mi-hangi-kandil","status":"publish","type":"post","link":"https:\/\/www.karamantoki.com\/index.php\/2025\/12\/24\/yarin-kandil-mi-25-aralik-2025-regaip-kandili-mi-hangi-kandil\/","title":{"rendered":"Yar\u0131n kandil mi? 25 Aral\u0131k 2025 Regaip Kandili mi, hangi kandil?"},"content":{"rendered":"<p>\u00dc\u00e7 aylar\u0131n ilk ay\u0131 Recep&#8217;in ba\u015flamas\u0131yla birlikte 25 Aral\u0131k Per\u015fembe g\u00fcn\u00fcn\u00fcn kandil olup olmad\u0131\u011f\u0131 merak ediliyor. Y\u0131l\u0131n son kandilini idrak etmek isteyen vatanda\u015flar, &#8220;Yar\u0131n kandil mi, ne kandili?&#8221; sorusuna&#8230;<a href=\"https:\/\/www.ahaber.com.tr\/viral\/galeri\/liste\/yarin-kandil-mi-25-aralik-2025-regaip-kandili-mi-hangi-kandil\">Devam\u0131 i\u00e7in t\u0131klay\u0131n\u0131z<\/a><\/p>\n","protected":false},"excerpt":{"rendered":"<p>\u00dc\u00e7 aylar\u0131n ilk ay\u0131 Recep&#8217;in ba\u015flamas\u0131yla birlikte 25 Aral\u0131k Per\u015fembe g\u00fcn\u00fcn\u00fcn kandil olup olmad\u0131\u011f\u0131 merak ediliyor. Y\u0131l\u0131n son kandilini idrak etmek isteyen vatanda\u015flar, &#8220;Yar\u0131n kandil mi, ne kandili?&#8221; sorusuna&#8230;Devam\u0131 i\u00e7in t\u0131klay\u0131n\u0131z<\/p>\n","protected":false},"author":1,"featured_media":0,"comment_status":"open","ping_status":"open","sticky":false,"template":"","format":"standard","meta":{"_joinchat":[],"footnotes":""},"categories":[32],"tags":[],"class_list":{"0":"post-3907","1":"post","2":"type-post","3":"status-publish","4":"format-standard","6":"category-ekonomi"},"_links":{"self":[{"href":"https:\/\/www.karamantoki.com\/index.php\/wp-json\/wp\/v2\/posts\/3907","targetHints":{"allow":["GET"]}}],"collection":[{"href":"https:\/\/www.karamantoki.com\/index.php\/wp-json\/wp\/v2\/posts"}],"about":[{"href":"https:\/\/www.karamantoki.com\/index.php\/wp-json\/wp\/v2\/types\/post"}],"author":[{"embeddable":true,"href":"https:\/\/www.karamantoki.com\/index.php\/wp-json\/wp\/v2\/users\/1"}],"replies":[{"embeddable":true,"href":"https:\/\/www.karamantoki.com\/index.php\/wp-json\/wp\/v2\/comments?post=3907"}],"version-history":[{"count":0,"href":"https:\/\/www.karamantoki.com\/index.php\/wp-json\/wp\/v2\/posts\/3907\/revisions"}],"wp:attachment":[{"href":"https:\/\/www.karamantoki.com\/index.php\/wp-json\/wp\/v2\/media?parent=3907"}],"wp:term":[{"taxonomy":"category","embeddable":true,"href":"https:\/\/www.karamantoki.com\/index.php\/wp-json\/wp\/v2\/categories?post=3907"},{"taxonomy":"post_tag","embeddable":true,"href":"https:\/\/www.karamantoki.com\/index.php\/wp-json\/wp\/v2\/tags?post=3907"}],"curies":[{"name":"wp","href":"https:\/\/api.w.org\/{rel}","templated":true}]}}