{"id":3892,"date":"2025-12-24T06:50:33","date_gmt":"2025-12-24T06:50:33","guid":{"rendered":"https:\/\/www.karamantoki.com\/index.php\/2025\/12\/24\/balikesirde-deprem-mi-oldu-24-aralik-balikesirde-en-son-ne-zaman-deprem-oldu-depremin-siddeti-belli-mi\/"},"modified":"2025-12-24T06:50:33","modified_gmt":"2025-12-24T06:50:33","slug":"balikesirde-deprem-mi-oldu-24-aralik-balikesirde-en-son-ne-zaman-deprem-oldu-depremin-siddeti-belli-mi","status":"publish","type":"post","link":"https:\/\/www.karamantoki.com\/index.php\/2025\/12\/24\/balikesirde-deprem-mi-oldu-24-aralik-balikesirde-en-son-ne-zaman-deprem-oldu-depremin-siddeti-belli-mi\/","title":{"rendered":"Bal\u0131kesir&apos;de deprem mi oldu? 24 Aral\u0131k Bal\u0131kesir&apos;de en son ne zaman deprem oldu, depremin \u015fiddeti belli mi?"},"content":{"rendered":"<p>Bal\u0131kesir&#8217;de sabah saatlerinde baz\u0131 il\u00e7elerde hissedildi\u011fi \u00f6ne s\u00fcr\u00fclen sars\u0131nt\u0131lar, kent genelinde k\u0131sa s\u00fcreli pani\u011fe neden oldu. Sosyal medyada pe\u015f pe\u015fe yap\u0131lan payla\u015f\u0131mlarla birlikte &#8220;Bal\u0131kesir&#8217;de deprem mi oldu?&#8221; sorusu g\u00fcndeme gelirken, ya\u015fanan hareketlili\u011fe ili\u015fkin net bilgiler i\u00e7in AFAD ve Kandilli Rasathanesi&#8217;nden yap\u0131lacak resmi a\u00e7\u0131klamalar yak\u0131ndan takip edilmeye ba\u015fland\u0131. Peki, Bal\u0131kesir&#8217;de deprem mi oldu? 24 Aral\u0131k Bal\u0131kesir&#8217;de en son ne zaman deprem oldu, depremin \u015fiddeti belli mi?<\/p>\n","protected":false},"excerpt":{"rendered":"<p>Bal\u0131kesir&#8217;de sabah saatlerinde baz\u0131 il\u00e7elerde hissedildi\u011fi \u00f6ne s\u00fcr\u00fclen sars\u0131nt\u0131lar, kent genelinde k\u0131sa s\u00fcreli pani\u011fe neden oldu. Sosyal medyada pe\u015f pe\u015fe yap\u0131lan payla\u015f\u0131mlarla birlikte &#8220;Bal\u0131kesir&#8217;de deprem mi oldu?&#8221; sorusu g\u00fcndeme gelirken, ya\u015fanan hareketlili\u011fe ili\u015fkin net bilgiler i\u00e7in AFAD ve Kandilli Rasathanesi&#8217;nden yap\u0131lacak resmi a\u00e7\u0131klamalar yak\u0131ndan takip edilmeye ba\u015fland\u0131. Peki, Bal\u0131kesir&#8217;de deprem mi oldu? 24 Aral\u0131k Bal\u0131kesir&#8217;de [&hellip;]<\/p>\n","protected":false},"author":1,"featured_media":0,"comment_status":"open","ping_status":"open","sticky":false,"template":"","format":"standard","meta":{"_joinchat":[],"footnotes":""},"categories":[1],"tags":[],"class_list":{"0":"post-3892","1":"post","2":"type-post","3":"status-publish","4":"format-standard","6":"category-toki"},"_links":{"self":[{"href":"https:\/\/www.karamantoki.com\/index.php\/wp-json\/wp\/v2\/posts\/3892","targetHints":{"allow":["GET"]}}],"collection":[{"href":"https:\/\/www.karamantoki.com\/index.php\/wp-json\/wp\/v2\/posts"}],"about":[{"href":"https:\/\/www.karamantoki.com\/index.php\/wp-json\/wp\/v2\/types\/post"}],"author":[{"embeddable":true,"href":"https:\/\/www.karamantoki.com\/index.php\/wp-json\/wp\/v2\/users\/1"}],"replies":[{"embeddable":true,"href":"https:\/\/www.karamantoki.com\/index.php\/wp-json\/wp\/v2\/comments?post=3892"}],"version-history":[{"count":0,"href":"https:\/\/www.karamantoki.com\/index.php\/wp-json\/wp\/v2\/posts\/3892\/revisions"}],"wp:attachment":[{"href":"https:\/\/www.karamantoki.com\/index.php\/wp-json\/wp\/v2\/media?parent=3892"}],"wp:term":[{"taxonomy":"category","embeddable":true,"href":"https:\/\/www.karamantoki.com\/index.php\/wp-json\/wp\/v2\/categories?post=3892"},{"taxonomy":"post_tag","embeddable":true,"href":"https:\/\/www.karamantoki.com\/index.php\/wp-json\/wp\/v2\/tags?post=3892"}],"curies":[{"name":"wp","href":"https:\/\/api.w.org\/{rel}","templated":true}]}}