{"id":3878,"date":"2025-12-24T05:50:30","date_gmt":"2025-12-24T05:50:30","guid":{"rendered":"https:\/\/www.karamantoki.com\/index.php\/2025\/12\/24\/libya-genelkurmay-baskaninin-ucagi-neden-dustu-ankaradaki-ucak-kazasinda-olen-libyalilar-kimler\/"},"modified":"2025-12-24T05:50:30","modified_gmt":"2025-12-24T05:50:30","slug":"libya-genelkurmay-baskaninin-ucagi-neden-dustu-ankaradaki-ucak-kazasinda-olen-libyalilar-kimler","status":"publish","type":"post","link":"https:\/\/www.karamantoki.com\/index.php\/2025\/12\/24\/libya-genelkurmay-baskaninin-ucagi-neden-dustu-ankaradaki-ucak-kazasinda-olen-libyalilar-kimler\/","title":{"rendered":"Libya Genelkurmay Ba\u015fkan\u0131n\u0131n u\u00e7a\u011f\u0131 neden d\u00fc\u015ft\u00fc? Ankara&apos;daki u\u00e7ak kazas\u0131nda \u00f6len Libyal\u0131lar kimler?"},"content":{"rendered":"<p>Libya Genelkurmay Ba\u015fkan\u0131 Orgeneral Muhammed Ali Ahmed Al Haddad, T\u00fcrkiye&#8217;deki resmi temaslar\u0131n\u0131 tamamlad\u0131ktan sonra \u00fclkesine d\u00f6nerken Ankara&#8217;n\u0131n Haymana il\u00e7esinde ya\u015fanan u\u00e7ak kazas\u0131nda hayat\u0131n\u0131 kaybetti. Peki, Libya Genelkurmay Ba\u015fkan\u0131n\u0131n u\u00e7a\u011f\u0131 neden d\u00fc\u015ft\u00fc? Ankara&#8217;daki u\u00e7ak kazas\u0131nda \u00f6len Libyal\u0131lar kimler? Olay\u0131n detaylar\u0131 haberimizde.<\/p>\n","protected":false},"excerpt":{"rendered":"<p>Libya Genelkurmay Ba\u015fkan\u0131 Orgeneral Muhammed Ali Ahmed Al Haddad, T\u00fcrkiye&#8217;deki resmi temaslar\u0131n\u0131 tamamlad\u0131ktan sonra \u00fclkesine d\u00f6nerken Ankara&#8217;n\u0131n Haymana il\u00e7esinde ya\u015fanan u\u00e7ak kazas\u0131nda hayat\u0131n\u0131 kaybetti. Peki, Libya Genelkurmay Ba\u015fkan\u0131n\u0131n u\u00e7a\u011f\u0131 neden d\u00fc\u015ft\u00fc? Ankara&#8217;daki u\u00e7ak kazas\u0131nda \u00f6len Libyal\u0131lar kimler? Olay\u0131n detaylar\u0131 haberimizde.<\/p>\n","protected":false},"author":1,"featured_media":0,"comment_status":"open","ping_status":"open","sticky":false,"template":"","format":"standard","meta":{"_joinchat":[],"footnotes":""},"categories":[1],"tags":[],"class_list":{"0":"post-3878","1":"post","2":"type-post","3":"status-publish","4":"format-standard","6":"category-toki"},"_links":{"self":[{"href":"https:\/\/www.karamantoki.com\/index.php\/wp-json\/wp\/v2\/posts\/3878","targetHints":{"allow":["GET"]}}],"collection":[{"href":"https:\/\/www.karamantoki.com\/index.php\/wp-json\/wp\/v2\/posts"}],"about":[{"href":"https:\/\/www.karamantoki.com\/index.php\/wp-json\/wp\/v2\/types\/post"}],"author":[{"embeddable":true,"href":"https:\/\/www.karamantoki.com\/index.php\/wp-json\/wp\/v2\/users\/1"}],"replies":[{"embeddable":true,"href":"https:\/\/www.karamantoki.com\/index.php\/wp-json\/wp\/v2\/comments?post=3878"}],"version-history":[{"count":0,"href":"https:\/\/www.karamantoki.com\/index.php\/wp-json\/wp\/v2\/posts\/3878\/revisions"}],"wp:attachment":[{"href":"https:\/\/www.karamantoki.com\/index.php\/wp-json\/wp\/v2\/media?parent=3878"}],"wp:term":[{"taxonomy":"category","embeddable":true,"href":"https:\/\/www.karamantoki.com\/index.php\/wp-json\/wp\/v2\/categories?post=3878"},{"taxonomy":"post_tag","embeddable":true,"href":"https:\/\/www.karamantoki.com\/index.php\/wp-json\/wp\/v2\/tags?post=3878"}],"curies":[{"name":"wp","href":"https:\/\/api.w.org\/{rel}","templated":true}]}}