{"id":3862,"date":"2025-12-24T01:50:33","date_gmt":"2025-12-24T01:50:33","guid":{"rendered":"https:\/\/www.karamantoki.com\/index.php\/2025\/12\/24\/libya-5-kisilik-askeri-heyetin-hayatini-kaybettigi-ucak-kazasinin-ardindan-ulusal-yas-ilan-etti\/"},"modified":"2025-12-24T01:50:33","modified_gmt":"2025-12-24T01:50:33","slug":"libya-5-kisilik-askeri-heyetin-hayatini-kaybettigi-ucak-kazasinin-ardindan-ulusal-yas-ilan-etti","status":"publish","type":"post","link":"https:\/\/www.karamantoki.com\/index.php\/2025\/12\/24\/libya-5-kisilik-askeri-heyetin-hayatini-kaybettigi-ucak-kazasinin-ardindan-ulusal-yas-ilan-etti\/","title":{"rendered":"Libya, 5 ki\u015filik askeri heyetin hayat\u0131n\u0131 kaybetti\u011fi u\u00e7ak kazas\u0131n\u0131n ard\u0131ndan ulusal yas ilan etti"},"content":{"rendered":"<p>Libya Ulusal Birlik H\u00fck\u00fcmeti, Genelkurmay Ba\u015fkan\u0131 Mohammed Ali Al-Haddad&#8217;\u0131n da aralar\u0131nda bulundu\u011fu 5 askeri personelin bir u\u00e7ak kazas\u0131nda hayat\u0131n\u0131 kaybetmesi nedeniyle \u00fclkede 3 g\u00fcnl\u00fck ulusal yas ilan etti. Bayraklar yar\u0131ya indirilecek ve resmi etkinlikler ask\u0131ya al\u0131nacak.<\/p>\n","protected":false},"excerpt":{"rendered":"<p>Libya Ulusal Birlik H\u00fck\u00fcmeti, Genelkurmay Ba\u015fkan\u0131 Mohammed Ali Al-Haddad&#8217;\u0131n da aralar\u0131nda bulundu\u011fu 5 askeri personelin bir u\u00e7ak kazas\u0131nda hayat\u0131n\u0131 kaybetmesi nedeniyle \u00fclkede 3 g\u00fcnl\u00fck ulusal yas ilan etti. Bayraklar yar\u0131ya indirilecek ve resmi etkinlikler ask\u0131ya al\u0131nacak.<\/p>\n","protected":false},"author":1,"featured_media":0,"comment_status":"open","ping_status":"open","sticky":false,"template":"","format":"standard","meta":{"_joinchat":[],"footnotes":""},"categories":[1],"tags":[],"class_list":{"0":"post-3862","1":"post","2":"type-post","3":"status-publish","4":"format-standard","6":"category-toki"},"_links":{"self":[{"href":"https:\/\/www.karamantoki.com\/index.php\/wp-json\/wp\/v2\/posts\/3862","targetHints":{"allow":["GET"]}}],"collection":[{"href":"https:\/\/www.karamantoki.com\/index.php\/wp-json\/wp\/v2\/posts"}],"about":[{"href":"https:\/\/www.karamantoki.com\/index.php\/wp-json\/wp\/v2\/types\/post"}],"author":[{"embeddable":true,"href":"https:\/\/www.karamantoki.com\/index.php\/wp-json\/wp\/v2\/users\/1"}],"replies":[{"embeddable":true,"href":"https:\/\/www.karamantoki.com\/index.php\/wp-json\/wp\/v2\/comments?post=3862"}],"version-history":[{"count":0,"href":"https:\/\/www.karamantoki.com\/index.php\/wp-json\/wp\/v2\/posts\/3862\/revisions"}],"wp:attachment":[{"href":"https:\/\/www.karamantoki.com\/index.php\/wp-json\/wp\/v2\/media?parent=3862"}],"wp:term":[{"taxonomy":"category","embeddable":true,"href":"https:\/\/www.karamantoki.com\/index.php\/wp-json\/wp\/v2\/categories?post=3862"},{"taxonomy":"post_tag","embeddable":true,"href":"https:\/\/www.karamantoki.com\/index.php\/wp-json\/wp\/v2\/tags?post=3862"}],"curies":[{"name":"wp","href":"https:\/\/api.w.org\/{rel}","templated":true}]}}