{"id":3855,"date":"2025-12-23T23:51:01","date_gmt":"2025-12-23T23:51:01","guid":{"rendered":"https:\/\/www.karamantoki.com\/index.php\/2025\/12\/23\/libyanin-dogusundaki-silahli-guclerin-lideri-hafterden-genelkurmay-baskani-haddad-icin-taziye-mesaji\/"},"modified":"2025-12-23T23:51:01","modified_gmt":"2025-12-23T23:51:01","slug":"libyanin-dogusundaki-silahli-guclerin-lideri-hafterden-genelkurmay-baskani-haddad-icin-taziye-mesaji","status":"publish","type":"post","link":"https:\/\/www.karamantoki.com\/index.php\/2025\/12\/23\/libyanin-dogusundaki-silahli-guclerin-lideri-hafterden-genelkurmay-baskani-haddad-icin-taziye-mesaji\/","title":{"rendered":"Libya&apos;n\u0131n do\u011fusundaki silahl\u0131 g\u00fc\u00e7lerin lideri Hafter&apos;den Genelkurmay Ba\u015fkan\u0131 Haddad i\u00e7in taziye mesaj\u0131"},"content":{"rendered":"<p>Libya&#8217;n\u0131n do\u011fusundaki silahl\u0131 g\u00fc\u00e7lerin lideri Halife Hafter, Ankara&#8217;da d\u00fc\u015fen u\u00e7akta hayat\u0131n\u0131 kaybeden Libya Genelkurmay Ba\u015fkan\u0131 Muhammed el-Haddad i\u00e7in taziye mesaj\u0131 yay\u0131mlad\u0131. Hafter, vefat nedeniyle derin \u00fcz\u00fcnt\u00fc duydu\u011funu belirtti.<\/p>\n","protected":false},"excerpt":{"rendered":"<p>Libya&#8217;n\u0131n do\u011fusundaki silahl\u0131 g\u00fc\u00e7lerin lideri Halife Hafter, Ankara&#8217;da d\u00fc\u015fen u\u00e7akta hayat\u0131n\u0131 kaybeden Libya Genelkurmay Ba\u015fkan\u0131 Muhammed el-Haddad i\u00e7in taziye mesaj\u0131 yay\u0131mlad\u0131. Hafter, vefat nedeniyle derin \u00fcz\u00fcnt\u00fc duydu\u011funu belirtti.<\/p>\n","protected":false},"author":1,"featured_media":0,"comment_status":"open","ping_status":"open","sticky":false,"template":"","format":"standard","meta":{"_joinchat":[],"footnotes":""},"categories":[1],"tags":[],"class_list":{"0":"post-3855","1":"post","2":"type-post","3":"status-publish","4":"format-standard","6":"category-toki"},"_links":{"self":[{"href":"https:\/\/www.karamantoki.com\/index.php\/wp-json\/wp\/v2\/posts\/3855","targetHints":{"allow":["GET"]}}],"collection":[{"href":"https:\/\/www.karamantoki.com\/index.php\/wp-json\/wp\/v2\/posts"}],"about":[{"href":"https:\/\/www.karamantoki.com\/index.php\/wp-json\/wp\/v2\/types\/post"}],"author":[{"embeddable":true,"href":"https:\/\/www.karamantoki.com\/index.php\/wp-json\/wp\/v2\/users\/1"}],"replies":[{"embeddable":true,"href":"https:\/\/www.karamantoki.com\/index.php\/wp-json\/wp\/v2\/comments?post=3855"}],"version-history":[{"count":0,"href":"https:\/\/www.karamantoki.com\/index.php\/wp-json\/wp\/v2\/posts\/3855\/revisions"}],"wp:attachment":[{"href":"https:\/\/www.karamantoki.com\/index.php\/wp-json\/wp\/v2\/media?parent=3855"}],"wp:term":[{"taxonomy":"category","embeddable":true,"href":"https:\/\/www.karamantoki.com\/index.php\/wp-json\/wp\/v2\/categories?post=3855"},{"taxonomy":"post_tag","embeddable":true,"href":"https:\/\/www.karamantoki.com\/index.php\/wp-json\/wp\/v2\/tags?post=3855"}],"curies":[{"name":"wp","href":"https:\/\/api.w.org\/{rel}","templated":true}]}}