{"id":3851,"date":"2025-12-23T22:50:25","date_gmt":"2025-12-23T22:50:25","guid":{"rendered":"https:\/\/www.karamantoki.com\/index.php\/2025\/12\/23\/libyada-genelkurmay-baskani-ve-beraberindekilerin-hayatini-kaybetmesi-nedeniyle-milli-yas-ilan-edildi\/"},"modified":"2025-12-23T22:50:25","modified_gmt":"2025-12-23T22:50:25","slug":"libyada-genelkurmay-baskani-ve-beraberindekilerin-hayatini-kaybetmesi-nedeniyle-milli-yas-ilan-edildi","status":"publish","type":"post","link":"https:\/\/www.karamantoki.com\/index.php\/2025\/12\/23\/libyada-genelkurmay-baskani-ve-beraberindekilerin-hayatini-kaybetmesi-nedeniyle-milli-yas-ilan-edildi\/","title":{"rendered":"Libya&apos;da Genelkurmay Ba\u015fkan\u0131 ve beraberindekilerin hayat\u0131n\u0131 kaybetmesi nedeniyle milli yas ilan edildi"},"content":{"rendered":"<p>Libya Ulusal Birlik H\u00fck\u00fcmeti, Ankara&#8217;da d\u00fc\u015fen u\u00e7akta hayat\u0131n\u0131 kaybeden Genelkurmay Ba\u015fkan\u0131 Muhammed el-Haddad ve beraberindeki heyet i\u00e7in 3 g\u00fcn milli yas ilan etti. T\u00fcm devlet kurumlar\u0131nda bayraklar yar\u0131ya indirilecek ve resmi etkinlikler ask\u0131ya al\u0131nacak.<\/p>\n","protected":false},"excerpt":{"rendered":"<p>Libya Ulusal Birlik H\u00fck\u00fcmeti, Ankara&#8217;da d\u00fc\u015fen u\u00e7akta hayat\u0131n\u0131 kaybeden Genelkurmay Ba\u015fkan\u0131 Muhammed el-Haddad ve beraberindeki heyet i\u00e7in 3 g\u00fcn milli yas ilan etti. T\u00fcm devlet kurumlar\u0131nda bayraklar yar\u0131ya indirilecek ve resmi etkinlikler ask\u0131ya al\u0131nacak.<\/p>\n","protected":false},"author":1,"featured_media":0,"comment_status":"open","ping_status":"open","sticky":false,"template":"","format":"standard","meta":{"_joinchat":[],"footnotes":""},"categories":[1],"tags":[],"class_list":{"0":"post-3851","1":"post","2":"type-post","3":"status-publish","4":"format-standard","6":"category-toki"},"_links":{"self":[{"href":"https:\/\/www.karamantoki.com\/index.php\/wp-json\/wp\/v2\/posts\/3851","targetHints":{"allow":["GET"]}}],"collection":[{"href":"https:\/\/www.karamantoki.com\/index.php\/wp-json\/wp\/v2\/posts"}],"about":[{"href":"https:\/\/www.karamantoki.com\/index.php\/wp-json\/wp\/v2\/types\/post"}],"author":[{"embeddable":true,"href":"https:\/\/www.karamantoki.com\/index.php\/wp-json\/wp\/v2\/users\/1"}],"replies":[{"embeddable":true,"href":"https:\/\/www.karamantoki.com\/index.php\/wp-json\/wp\/v2\/comments?post=3851"}],"version-history":[{"count":0,"href":"https:\/\/www.karamantoki.com\/index.php\/wp-json\/wp\/v2\/posts\/3851\/revisions"}],"wp:attachment":[{"href":"https:\/\/www.karamantoki.com\/index.php\/wp-json\/wp\/v2\/media?parent=3851"}],"wp:term":[{"taxonomy":"category","embeddable":true,"href":"https:\/\/www.karamantoki.com\/index.php\/wp-json\/wp\/v2\/categories?post=3851"},{"taxonomy":"post_tag","embeddable":true,"href":"https:\/\/www.karamantoki.com\/index.php\/wp-json\/wp\/v2\/tags?post=3851"}],"curies":[{"name":"wp","href":"https:\/\/api.w.org\/{rel}","templated":true}]}}