{"id":3836,"date":"2025-12-23T20:51:11","date_gmt":"2025-12-23T20:51:11","guid":{"rendered":"https:\/\/www.karamantoki.com\/index.php\/2025\/12\/23\/libya-iletisimden-sorumlu-devlet-bakani-ellafi-ucak-kazasinin-nedeni-teknik-ariza\/"},"modified":"2025-12-23T20:51:11","modified_gmt":"2025-12-23T20:51:11","slug":"libya-iletisimden-sorumlu-devlet-bakani-ellafi-ucak-kazasinin-nedeni-teknik-ariza","status":"publish","type":"post","link":"https:\/\/www.karamantoki.com\/index.php\/2025\/12\/23\/libya-iletisimden-sorumlu-devlet-bakani-ellafi-ucak-kazasinin-nedeni-teknik-ariza\/","title":{"rendered":"Libya \u0130leti\u015fimden Sorumlu Devlet Bakan\u0131 Ellafi: &quot;U\u00e7ak Kazas\u0131n\u0131n Nedeni Teknik Ar\u0131za&quot;"},"content":{"rendered":"<p>Libya \u0130leti\u015fim Bakan\u0131 Walid Ammar Ellafi, Ankara&#8217;dan Libya&#8217;ya d\u00f6n\u00fc\u015f yolunda d\u00fc\u015fen u\u00e7a\u011f\u0131n kazas\u0131n\u0131n teknik bir ar\u0131zadan kaynakland\u0131\u011f\u0131n\u0131 a\u00e7\u0131klad\u0131. Kazada hayat\u0131n\u0131 kaybedenlerin naa\u015flar\u0131 bulunmu\u015fken, Libya&#8217;da bir kriz merkezi olu\u015fturuldu\u011fu bildirildi.<\/p>\n","protected":false},"excerpt":{"rendered":"<p>Libya \u0130leti\u015fim Bakan\u0131 Walid Ammar Ellafi, Ankara&#8217;dan Libya&#8217;ya d\u00f6n\u00fc\u015f yolunda d\u00fc\u015fen u\u00e7a\u011f\u0131n kazas\u0131n\u0131n teknik bir ar\u0131zadan kaynakland\u0131\u011f\u0131n\u0131 a\u00e7\u0131klad\u0131. Kazada hayat\u0131n\u0131 kaybedenlerin naa\u015flar\u0131 bulunmu\u015fken, Libya&#8217;da bir kriz merkezi olu\u015fturuldu\u011fu bildirildi.<\/p>\n","protected":false},"author":1,"featured_media":0,"comment_status":"open","ping_status":"open","sticky":false,"template":"","format":"standard","meta":{"_joinchat":[],"footnotes":""},"categories":[1],"tags":[],"class_list":{"0":"post-3836","1":"post","2":"type-post","3":"status-publish","4":"format-standard","6":"category-toki"},"_links":{"self":[{"href":"https:\/\/www.karamantoki.com\/index.php\/wp-json\/wp\/v2\/posts\/3836","targetHints":{"allow":["GET"]}}],"collection":[{"href":"https:\/\/www.karamantoki.com\/index.php\/wp-json\/wp\/v2\/posts"}],"about":[{"href":"https:\/\/www.karamantoki.com\/index.php\/wp-json\/wp\/v2\/types\/post"}],"author":[{"embeddable":true,"href":"https:\/\/www.karamantoki.com\/index.php\/wp-json\/wp\/v2\/users\/1"}],"replies":[{"embeddable":true,"href":"https:\/\/www.karamantoki.com\/index.php\/wp-json\/wp\/v2\/comments?post=3836"}],"version-history":[{"count":0,"href":"https:\/\/www.karamantoki.com\/index.php\/wp-json\/wp\/v2\/posts\/3836\/revisions"}],"wp:attachment":[{"href":"https:\/\/www.karamantoki.com\/index.php\/wp-json\/wp\/v2\/media?parent=3836"}],"wp:term":[{"taxonomy":"category","embeddable":true,"href":"https:\/\/www.karamantoki.com\/index.php\/wp-json\/wp\/v2\/categories?post=3836"},{"taxonomy":"post_tag","embeddable":true,"href":"https:\/\/www.karamantoki.com\/index.php\/wp-json\/wp\/v2\/tags?post=3836"}],"curies":[{"name":"wp","href":"https:\/\/api.w.org\/{rel}","templated":true}]}}