{"id":3821,"date":"2025-12-23T18:50:56","date_gmt":"2025-12-23T18:50:56","guid":{"rendered":"https:\/\/www.karamantoki.com\/index.php\/2025\/12\/23\/bahar-evren-diziden-ayriliyor-mu-bugra-gulsoy-diziden-ayriliyor-mu\/"},"modified":"2025-12-23T18:50:56","modified_gmt":"2025-12-23T18:50:56","slug":"bahar-evren-diziden-ayriliyor-mu-bugra-gulsoy-diziden-ayriliyor-mu","status":"publish","type":"post","link":"https:\/\/www.karamantoki.com\/index.php\/2025\/12\/23\/bahar-evren-diziden-ayriliyor-mu-bugra-gulsoy-diziden-ayriliyor-mu\/","title":{"rendered":"Bahar Evren diziden ayr\u0131l\u0131yor mu, Bu\u011fra G\u00fclsoy diziden ayr\u0131l\u0131yor mu?"},"content":{"rendered":"<p>Bahar dizisinde Evren karakterine hayat veren Bu\u011fra G\u00fclsoy&#8217;un projeye veda edip etmedi\u011fi izleyiciler aras\u0131nda merak konusu oldu. Son geli\u015fmelerin ard\u0131ndan &#8220;Bahar&#8217;da Evren ayr\u0131l\u0131yor mu?&#8221; ve &#8220;Bu\u011fra G\u00fclsoy diziden \u00e7\u0131kt\u0131 m\u0131?&#8221; sorular\u0131 g\u00fcndemin \u00fcst s\u0131ralar\u0131na ta\u015f\u0131nd\u0131.<\/p>\n","protected":false},"excerpt":{"rendered":"<p>Bahar dizisinde Evren karakterine hayat veren Bu\u011fra G\u00fclsoy&#8217;un projeye veda edip etmedi\u011fi izleyiciler aras\u0131nda merak konusu oldu. Son geli\u015fmelerin ard\u0131ndan &#8220;Bahar&#8217;da Evren ayr\u0131l\u0131yor mu?&#8221; ve &#8220;Bu\u011fra G\u00fclsoy diziden \u00e7\u0131kt\u0131 m\u0131?&#8221; sorular\u0131 g\u00fcndemin \u00fcst s\u0131ralar\u0131na ta\u015f\u0131nd\u0131.<\/p>\n","protected":false},"author":1,"featured_media":0,"comment_status":"open","ping_status":"open","sticky":false,"template":"","format":"standard","meta":{"_joinchat":[],"footnotes":""},"categories":[1],"tags":[],"class_list":{"0":"post-3821","1":"post","2":"type-post","3":"status-publish","4":"format-standard","6":"category-toki"},"_links":{"self":[{"href":"https:\/\/www.karamantoki.com\/index.php\/wp-json\/wp\/v2\/posts\/3821","targetHints":{"allow":["GET"]}}],"collection":[{"href":"https:\/\/www.karamantoki.com\/index.php\/wp-json\/wp\/v2\/posts"}],"about":[{"href":"https:\/\/www.karamantoki.com\/index.php\/wp-json\/wp\/v2\/types\/post"}],"author":[{"embeddable":true,"href":"https:\/\/www.karamantoki.com\/index.php\/wp-json\/wp\/v2\/users\/1"}],"replies":[{"embeddable":true,"href":"https:\/\/www.karamantoki.com\/index.php\/wp-json\/wp\/v2\/comments?post=3821"}],"version-history":[{"count":0,"href":"https:\/\/www.karamantoki.com\/index.php\/wp-json\/wp\/v2\/posts\/3821\/revisions"}],"wp:attachment":[{"href":"https:\/\/www.karamantoki.com\/index.php\/wp-json\/wp\/v2\/media?parent=3821"}],"wp:term":[{"taxonomy":"category","embeddable":true,"href":"https:\/\/www.karamantoki.com\/index.php\/wp-json\/wp\/v2\/categories?post=3821"},{"taxonomy":"post_tag","embeddable":true,"href":"https:\/\/www.karamantoki.com\/index.php\/wp-json\/wp\/v2\/tags?post=3821"}],"curies":[{"name":"wp","href":"https:\/\/api.w.org\/{rel}","templated":true}]}}