{"id":3812,"date":"2025-12-22T22:03:46","date_gmt":"2025-12-22T22:03:46","guid":{"rendered":"https:\/\/www.karamantoki.com\/index.php\/2025\/12\/22\/asgari-ucrette-son-viraj-gozler-ucuncu-toplantida-milyonlarca-calisanin-yeni-maasi-ne-olacak\/"},"modified":"2025-12-22T22:03:46","modified_gmt":"2025-12-22T22:03:46","slug":"asgari-ucrette-son-viraj-gozler-ucuncu-toplantida-milyonlarca-calisanin-yeni-maasi-ne-olacak","status":"publish","type":"post","link":"https:\/\/www.karamantoki.com\/index.php\/2025\/12\/22\/asgari-ucrette-son-viraj-gozler-ucuncu-toplantida-milyonlarca-calisanin-yeni-maasi-ne-olacak\/","title":{"rendered":"Asgari \u00fccrette son viraj! G\u00f6zler \u00fc\u00e7\u00fcnc\u00fc toplant\u0131da: Milyonlarca \u00e7al\u0131\u015fan\u0131n yeni maa\u015f\u0131 ne olacak?"},"content":{"rendered":"<p><img decoding=\"async\" src=\"https:\/\/iaahbr.tmgrup.com.tr\/5e3b73\/1200\/675\/0\/0\/864\/486?u=https:\/\/iahbr.tmgrup.com.tr\/2025\/12\/22\/asgari-ucrette-son-viraj-gozler-ucuncu-toplantida-milyonlarca-calisanin-yeni-maasi-ne-olacak-1766435082238.jpg\" alt=\"Asgari \u00fccrette son viraj! G\u00f6zler \u00fc\u00e7\u00fcnc\u00fc toplant\u0131da: Milyonlarca \u00e7al\u0131\u015fan\u0131n yeni maa\u015f\u0131 ne olacak?\"><br \/>T\u00fcm \u00e7al\u0131\u015fanlar\u0131n merakla bekledi\u011fi asgari \u00fccrette sona yakla\u015f\u0131l\u0131rken, g\u00f6zler Asgari \u00dccret Tespit Komisyonu&#8217;nun \u00fc\u00e7\u00fcnc\u00fc toplant\u0131s\u0131na \u00e7evrildi. A Haber ekranlar\u0131na konuk olan \u00c7al\u0131\u015fma Ekonomisti Tarkan Zengin,&#8230;<a href=\"https:\/\/www.ahaber.com.tr\/viral\/galeri\/tikla\/asgari-ucrette-son-viraj-gozler-ucuncu-toplantida-milyonlarca-calisanin-yeni-maasi-ne-olacak\">Devam\u0131 i\u00e7in t\u0131klay\u0131n\u0131z<\/a><\/p>\n","protected":false},"excerpt":{"rendered":"<p>T\u00fcm \u00e7al\u0131\u015fanlar\u0131n merakla bekledi\u011fi asgari \u00fccrette sona yakla\u015f\u0131l\u0131rken, g\u00f6zler Asgari \u00dccret Tespit Komisyonu&#8217;nun \u00fc\u00e7\u00fcnc\u00fc toplant\u0131s\u0131na \u00e7evrildi. A Haber ekranlar\u0131na konuk olan \u00c7al\u0131\u015fma Ekonomisti Tarkan Zengin,&#8230;Devam\u0131 i\u00e7in t\u0131klay\u0131n\u0131z<\/p>\n","protected":false},"author":1,"featured_media":0,"comment_status":"open","ping_status":"open","sticky":false,"template":"","format":"standard","meta":{"_joinchat":[],"footnotes":""},"categories":[32],"tags":[],"class_list":{"0":"post-3812","1":"post","2":"type-post","3":"status-publish","4":"format-standard","6":"category-ekonomi"},"_links":{"self":[{"href":"https:\/\/www.karamantoki.com\/index.php\/wp-json\/wp\/v2\/posts\/3812","targetHints":{"allow":["GET"]}}],"collection":[{"href":"https:\/\/www.karamantoki.com\/index.php\/wp-json\/wp\/v2\/posts"}],"about":[{"href":"https:\/\/www.karamantoki.com\/index.php\/wp-json\/wp\/v2\/types\/post"}],"author":[{"embeddable":true,"href":"https:\/\/www.karamantoki.com\/index.php\/wp-json\/wp\/v2\/users\/1"}],"replies":[{"embeddable":true,"href":"https:\/\/www.karamantoki.com\/index.php\/wp-json\/wp\/v2\/comments?post=3812"}],"version-history":[{"count":0,"href":"https:\/\/www.karamantoki.com\/index.php\/wp-json\/wp\/v2\/posts\/3812\/revisions"}],"wp:attachment":[{"href":"https:\/\/www.karamantoki.com\/index.php\/wp-json\/wp\/v2\/media?parent=3812"}],"wp:term":[{"taxonomy":"category","embeddable":true,"href":"https:\/\/www.karamantoki.com\/index.php\/wp-json\/wp\/v2\/categories?post=3812"},{"taxonomy":"post_tag","embeddable":true,"href":"https:\/\/www.karamantoki.com\/index.php\/wp-json\/wp\/v2\/tags?post=3812"}],"curies":[{"name":"wp","href":"https:\/\/api.w.org\/{rel}","templated":true}]}}