{"id":3809,"date":"2025-12-22T14:51:08","date_gmt":"2025-12-22T14:51:08","guid":{"rendered":"https:\/\/www.karamantoki.com\/index.php\/2025\/12\/22\/besiktasta-29-kisinin-oldugu-gece-kulubu-yanginina-iliskin-22-sanigin-yargilanmasi-suruyor\/"},"modified":"2025-12-22T14:51:08","modified_gmt":"2025-12-22T14:51:08","slug":"besiktasta-29-kisinin-oldugu-gece-kulubu-yanginina-iliskin-22-sanigin-yargilanmasi-suruyor","status":"publish","type":"post","link":"https:\/\/www.karamantoki.com\/index.php\/2025\/12\/22\/besiktasta-29-kisinin-oldugu-gece-kulubu-yanginina-iliskin-22-sanigin-yargilanmasi-suruyor\/","title":{"rendered":"Be\u015fikta\u015f&apos;ta 29 ki\u015finin \u00f6ld\u00fc\u011f\u00fc gece kul\u00fcb\u00fc yang\u0131n\u0131na ili\u015fkin 22 san\u0131\u011f\u0131n yarg\u0131lanmas\u0131 s\u00fcr\u00fcyor"},"content":{"rendered":"<p>Be\u015fikta\u015f&#8217;ta gece kul\u00fcb\u00fcnde \u00e7\u0131kan yang\u0131nda 29 ki\u015finin \u00f6l\u00fcm\u00fcne neden olan olayla ilgili 22 san\u0131\u011f\u0131n yarg\u0131lanmas\u0131na devam edildi. Aileler san\u0131klar\u0131n &#8216;olas\u0131 kast&#8217;tan yarg\u0131lanmas\u0131 gerekti\u011fini belirtti.<\/p>\n","protected":false},"excerpt":{"rendered":"<p>Be\u015fikta\u015f&#8217;ta gece kul\u00fcb\u00fcnde \u00e7\u0131kan yang\u0131nda 29 ki\u015finin \u00f6l\u00fcm\u00fcne neden olan olayla ilgili 22 san\u0131\u011f\u0131n yarg\u0131lanmas\u0131na devam edildi. Aileler san\u0131klar\u0131n &#8216;olas\u0131 kast&#8217;tan yarg\u0131lanmas\u0131 gerekti\u011fini belirtti.<\/p>\n","protected":false},"author":1,"featured_media":0,"comment_status":"open","ping_status":"open","sticky":false,"template":"","format":"standard","meta":{"_joinchat":[],"footnotes":""},"categories":[1],"tags":[],"class_list":{"0":"post-3809","1":"post","2":"type-post","3":"status-publish","4":"format-standard","6":"category-toki"},"_links":{"self":[{"href":"https:\/\/www.karamantoki.com\/index.php\/wp-json\/wp\/v2\/posts\/3809","targetHints":{"allow":["GET"]}}],"collection":[{"href":"https:\/\/www.karamantoki.com\/index.php\/wp-json\/wp\/v2\/posts"}],"about":[{"href":"https:\/\/www.karamantoki.com\/index.php\/wp-json\/wp\/v2\/types\/post"}],"author":[{"embeddable":true,"href":"https:\/\/www.karamantoki.com\/index.php\/wp-json\/wp\/v2\/users\/1"}],"replies":[{"embeddable":true,"href":"https:\/\/www.karamantoki.com\/index.php\/wp-json\/wp\/v2\/comments?post=3809"}],"version-history":[{"count":0,"href":"https:\/\/www.karamantoki.com\/index.php\/wp-json\/wp\/v2\/posts\/3809\/revisions"}],"wp:attachment":[{"href":"https:\/\/www.karamantoki.com\/index.php\/wp-json\/wp\/v2\/media?parent=3809"}],"wp:term":[{"taxonomy":"category","embeddable":true,"href":"https:\/\/www.karamantoki.com\/index.php\/wp-json\/wp\/v2\/categories?post=3809"},{"taxonomy":"post_tag","embeddable":true,"href":"https:\/\/www.karamantoki.com\/index.php\/wp-json\/wp\/v2\/tags?post=3809"}],"curies":[{"name":"wp","href":"https:\/\/api.w.org\/{rel}","templated":true}]}}