{"id":3695,"date":"2025-12-21T00:51:20","date_gmt":"2025-12-21T00:51:20","guid":{"rendered":"https:\/\/www.karamantoki.com\/index.php\/2025\/12\/21\/filistin-topraklarini-gasbeden-israilliler-bati-seriada-filistinlilere-saldirilarini-surduruyor\/"},"modified":"2025-12-21T00:51:20","modified_gmt":"2025-12-21T00:51:20","slug":"filistin-topraklarini-gasbeden-israilliler-bati-seriada-filistinlilere-saldirilarini-surduruyor","status":"publish","type":"post","link":"https:\/\/www.karamantoki.com\/index.php\/2025\/12\/21\/filistin-topraklarini-gasbeden-israilliler-bati-seriada-filistinlilere-saldirilarini-surduruyor\/","title":{"rendered":"Filistin topraklar\u0131n\u0131 gasbeden \u0130srailliler, Bat\u0131 \u015eeria&apos;da Filistinlilere sald\u0131r\u0131lar\u0131n\u0131 s\u00fcrd\u00fcr\u00fcyor"},"content":{"rendered":"<p>\u0130srailliler, i\u015fgal alt\u0131ndaki Bat\u0131 \u015eeria&#8217;n\u0131n El Halil ve Ramallah b\u00f6lgelerinde Filistinlilere y\u00f6nelik ard\u0131 ard\u0131na bask\u0131nlar d\u00fczenleyerek m\u00fclklerine zarar verdi. Son d\u00f6nemde d\u00fczenlenen sald\u0131r\u0131larda bir\u00e7ok Filistinli yaralan\u0131rken, \u0130srail ordusunun bu sald\u0131r\u0131lara m\u00fcdahale etmedi\u011fi belirtiliyor.<\/p>\n","protected":false},"excerpt":{"rendered":"<p>\u0130srailliler, i\u015fgal alt\u0131ndaki Bat\u0131 \u015eeria&#8217;n\u0131n El Halil ve Ramallah b\u00f6lgelerinde Filistinlilere y\u00f6nelik ard\u0131 ard\u0131na bask\u0131nlar d\u00fczenleyerek m\u00fclklerine zarar verdi. Son d\u00f6nemde d\u00fczenlenen sald\u0131r\u0131larda bir\u00e7ok Filistinli yaralan\u0131rken, \u0130srail ordusunun bu sald\u0131r\u0131lara m\u00fcdahale etmedi\u011fi belirtiliyor.<\/p>\n","protected":false},"author":1,"featured_media":0,"comment_status":"open","ping_status":"open","sticky":false,"template":"","format":"standard","meta":{"_joinchat":[],"footnotes":""},"categories":[1],"tags":[],"class_list":{"0":"post-3695","1":"post","2":"type-post","3":"status-publish","4":"format-standard","6":"category-toki"},"_links":{"self":[{"href":"https:\/\/www.karamantoki.com\/index.php\/wp-json\/wp\/v2\/posts\/3695","targetHints":{"allow":["GET"]}}],"collection":[{"href":"https:\/\/www.karamantoki.com\/index.php\/wp-json\/wp\/v2\/posts"}],"about":[{"href":"https:\/\/www.karamantoki.com\/index.php\/wp-json\/wp\/v2\/types\/post"}],"author":[{"embeddable":true,"href":"https:\/\/www.karamantoki.com\/index.php\/wp-json\/wp\/v2\/users\/1"}],"replies":[{"embeddable":true,"href":"https:\/\/www.karamantoki.com\/index.php\/wp-json\/wp\/v2\/comments?post=3695"}],"version-history":[{"count":0,"href":"https:\/\/www.karamantoki.com\/index.php\/wp-json\/wp\/v2\/posts\/3695\/revisions"}],"wp:attachment":[{"href":"https:\/\/www.karamantoki.com\/index.php\/wp-json\/wp\/v2\/media?parent=3695"}],"wp:term":[{"taxonomy":"category","embeddable":true,"href":"https:\/\/www.karamantoki.com\/index.php\/wp-json\/wp\/v2\/categories?post=3695"},{"taxonomy":"post_tag","embeddable":true,"href":"https:\/\/www.karamantoki.com\/index.php\/wp-json\/wp\/v2\/tags?post=3695"}],"curies":[{"name":"wp","href":"https:\/\/api.w.org\/{rel}","templated":true}]}}